{"id":2108,"date":"2014-03-14T10:43:50","date_gmt":"2014-03-14T13:43:50","guid":{"rendered":"https:\/\/wp.ufpel.edu.br\/prae\/?p=2108"},"modified":"2014-03-14T10:43:50","modified_gmt":"2014-03-14T13:43:50","slug":"programa-auxilio-transporte-marco2014","status":"publish","type":"post","link":"https:\/\/wp.ufpel.edu.br\/prae\/2014\/03\/14\/programa-auxilio-transporte-marco2014\/","title":{"rendered":"PROGRAMA AUX\u00cdLIO TRANSPORTE &#8211; MAR\u00c7O\/2014"},"content":{"rendered":"<p style=\"text-align: center\"><strong>INFORMAMOS QUE A RECARGA DO CART\u00c3O MAGN\u00c9TICO (VALES URBANOS) PARA MAR\u00c7O\/2014 SER\u00c1<\/strong><\/p>\n<p style=\"text-align: center\">\n<strong>DE 19\/03 \u00c0 28\/03<\/strong><\/p>\n<p style=\"text-align: center\"><strong>LOCAL: SINDICATO DOS TRANSPORTES<\/strong><br \/>\n<strong>Avenida Bento Gon\u00e7alves, 3372<\/strong><\/p>\n<p style=\"text-align: center\"><strong>HOR\u00c1RIO: 08:00 \u2013 18:00 (n\u00e3o fecha ao meio-dia)<\/strong><\/p>\n<p>&nbsp;<\/p>\n","protected":false},"excerpt":{"rendered":"<p>INFORMAMOS QUE A RECARGA DO CART\u00c3O MAGN\u00c9TICO (VALES URBANOS) PARA MAR\u00c7O\/2014 SER\u00c1 DE 19\/03 \u00c0 28\/03 LOCAL: SINDICATO DOS TRANSPORTES Avenida Bento Gon\u00e7alves, 3372 HOR\u00c1RIO: 08:00 \u2013 18:00 (n\u00e3o fecha ao meio-dia) &nbsp;<\/p>\n","protected":false},"author":229,"featured_media":0,"comment_status":"closed","ping_status":"closed","sticky":false,"template":"","format":"standard","meta":{"footnotes":""},"categories":[1],"tags":[],"class_list":["post-2108","post","type-post","status-publish","format-standard","hentry","category-noticias"],"jetpack_featured_media_url":"","_links":{"self":[{"href":"https:\/\/wp.ufpel.edu.br\/prae\/wp-json\/wp\/v2\/posts\/2108","targetHints":{"allow":["GET"]}}],"collection":[{"href":"https:\/\/wp.ufpel.edu.br\/prae\/wp-json\/wp\/v2\/posts"}],"about":[{"href":"https:\/\/wp.ufpel.edu.br\/prae\/wp-json\/wp\/v2\/types\/post"}],"author":[{"embeddable":true,"href":"https:\/\/wp.ufpel.edu.br\/prae\/wp-json\/wp\/v2\/users\/229"}],"replies":[{"embeddable":true,"href":"https:\/\/wp.ufpel.edu.br\/prae\/wp-json\/wp\/v2\/comments?post=2108"}],"version-history":[{"count":1,"href":"https:\/\/wp.ufpel.edu.br\/prae\/wp-json\/wp\/v2\/posts\/2108\/revisions"}],"predecessor-version":[{"id":2109,"href":"https:\/\/wp.ufpel.edu.br\/prae\/wp-json\/wp\/v2\/posts\/2108\/revisions\/2109"}],"wp:attachment":[{"href":"https:\/\/wp.ufpel.edu.br\/prae\/wp-json\/wp\/v2\/media?parent=2108"}],"wp:term":[{"taxonomy":"category","embeddable":true,"href":"https:\/\/wp.ufpel.edu.br\/prae\/wp-json\/wp\/v2\/categories?post=2108"},{"taxonomy":"post_tag","embeddable":true,"href":"https:\/\/wp.ufpel.edu.br\/prae\/wp-json\/wp\/v2\/tags?post=2108"}],"curies":[{"name":"wp","href":"https:\/\/api.w.org\/{rel}","templated":true}]}}