{"id":2098,"date":"2014-02-28T11:15:42","date_gmt":"2014-02-28T14:15:42","guid":{"rendered":"https:\/\/wp.ufpel.edu.br\/prae\/?p=2098"},"modified":"2017-04-10T13:27:03","modified_gmt":"2017-04-10T16:27:03","slug":"recurso-edital-auxilio-a-eventos","status":"publish","type":"post","link":"https:\/\/wp.ufpel.edu.br\/prae\/2014\/02\/28\/recurso-edital-auxilio-a-eventos\/","title":{"rendered":"Recurso &#8211; Edital Aux\u00edlio a Eventos"},"content":{"rendered":"<p style=\"text-align: justify\">A Comiss\u00e3o Avaliadora da Concess\u00e3o de Auxilio a Participa\u00e7\u00e3o de Discentes em Eventos informa que o prazo para recurso do Edital GR 001\/2014 ser\u00e1 \u00a0sexta-feira dia 28\/02\/2014 das 08:00 \u00e0s 14:00 h, quinta-feira dia 06\/03\/2014 das 08:00 \u00e0s 14:00 h \u00a0e sexta-feira 07\/03\/2014 das 08:00 \u00e0s 14:00 h. Os recursos devem ser entregues na PRAE no Anglo, 4\u00ba andar, sala 408.<\/p>\n","protected":false},"excerpt":{"rendered":"<p>A Comiss\u00e3o Avaliadora da Concess\u00e3o de Auxilio a Participa\u00e7\u00e3o de Discentes em Eventos informa que o prazo para recurso do Edital GR 001\/2014 ser\u00e1 \u00a0sexta-feira dia 28\/02\/2014 das 08:00 \u00e0s 14:00 h, quinta-feira dia 06\/03\/2014 das 08:00 \u00e0s 14:00 h \u00a0e sexta-feira 07\/03\/2014 das 08:00 \u00e0s 14:00 h. Os recursos devem ser entregues na PRAE &hellip; <\/p>\n<p class=\"link-more\"><a href=\"https:\/\/wp.ufpel.edu.br\/prae\/2014\/02\/28\/recurso-edital-auxilio-a-eventos\/\" class=\"more-link\">Continue lendo<span class=\"screen-reader-text\"> &#8220;Recurso &#8211; Edital Aux\u00edlio a Eventos&#8221;<\/span><\/a><\/p>\n","protected":false},"author":229,"featured_media":0,"comment_status":"closed","ping_status":"closed","sticky":false,"template":"","format":"standard","meta":{"footnotes":""},"categories":[76151,1],"tags":[],"class_list":["post-2098","post","type-post","status-publish","format-standard","hentry","category-editais-2014","category-noticias"],"jetpack_featured_media_url":"","_links":{"self":[{"href":"https:\/\/wp.ufpel.edu.br\/prae\/wp-json\/wp\/v2\/posts\/2098","targetHints":{"allow":["GET"]}}],"collection":[{"href":"https:\/\/wp.ufpel.edu.br\/prae\/wp-json\/wp\/v2\/posts"}],"about":[{"href":"https:\/\/wp.ufpel.edu.br\/prae\/wp-json\/wp\/v2\/types\/post"}],"author":[{"embeddable":true,"href":"https:\/\/wp.ufpel.edu.br\/prae\/wp-json\/wp\/v2\/users\/229"}],"replies":[{"embeddable":true,"href":"https:\/\/wp.ufpel.edu.br\/prae\/wp-json\/wp\/v2\/comments?post=2098"}],"version-history":[{"count":1,"href":"https:\/\/wp.ufpel.edu.br\/prae\/wp-json\/wp\/v2\/posts\/2098\/revisions"}],"predecessor-version":[{"id":2099,"href":"https:\/\/wp.ufpel.edu.br\/prae\/wp-json\/wp\/v2\/posts\/2098\/revisions\/2099"}],"wp:attachment":[{"href":"https:\/\/wp.ufpel.edu.br\/prae\/wp-json\/wp\/v2\/media?parent=2098"}],"wp:term":[{"taxonomy":"category","embeddable":true,"href":"https:\/\/wp.ufpel.edu.br\/prae\/wp-json\/wp\/v2\/categories?post=2098"},{"taxonomy":"post_tag","embeddable":true,"href":"https:\/\/wp.ufpel.edu.br\/prae\/wp-json\/wp\/v2\/tags?post=2098"}],"curies":[{"name":"wp","href":"https:\/\/api.w.org\/{rel}","templated":true}]}}