{"id":2077,"date":"2014-02-25T14:59:27","date_gmt":"2014-02-25T17:59:27","guid":{"rendered":"https:\/\/wp.ufpel.edu.br\/prae\/?p=2077"},"modified":"2014-02-26T17:54:23","modified_gmt":"2014-02-26T20:54:23","slug":"auxilio-eventos-resultado-adiado","status":"publish","type":"post","link":"https:\/\/wp.ufpel.edu.br\/prae\/2014\/02\/25\/auxilio-eventos-resultado-adiado\/","title":{"rendered":"AUX\u00cdLIO EVENTOS: RESULTADO ADIADO."},"content":{"rendered":"<p style=\"text-align: justify\">\u00a0 \u00a0 Devido \u00e0 demanda de requerimentos, a Coordena\u00e7\u00e3o de Pol\u00edticas Estudantis\/PRAE adiar\u00e1 a publica\u00e7\u00e3o dos resultados\u00a0da<b> SELE\u00c7\u00c3O PARA CONCESS\u00c3O DE AUX\u00cdLIO <\/b><b>\u00c0 <\/b><b>PARTICIPA\u00c7\u00c3O DE DISCENTES EM EVENTOS ACAD\u00caMICOS, CIENT\u00cdFICOS, TECNOL\u00d3GICOS, CULTURAIS E POL\u00cdTICOS\u00a0<\/b>para o dia 27 de fevereiro, \u00e0s 18 horas. Assim, \u00a0a todos os demais prazos, soma-se o mesmo lapso temporal do adiamento.<\/p>\n<p>Sandro L. Nunes da Cunha<\/p>\n<p>Coordenador de Pol\u00edticas Estudantis<\/p>\n<p>PRAE\/UFPel<\/p>\n","protected":false},"excerpt":{"rendered":"<p>\u00a0 \u00a0 Devido \u00e0 demanda de requerimentos, a Coordena\u00e7\u00e3o de Pol\u00edticas Estudantis\/PRAE adiar\u00e1 a publica\u00e7\u00e3o dos resultados\u00a0da SELE\u00c7\u00c3O PARA CONCESS\u00c3O DE AUX\u00cdLIO \u00c0 PARTICIPA\u00c7\u00c3O DE DISCENTES EM EVENTOS ACAD\u00caMICOS, CIENT\u00cdFICOS, TECNOL\u00d3GICOS, CULTURAIS E POL\u00cdTICOS\u00a0para o dia 27 de fevereiro, \u00e0s 18 horas. Assim, \u00a0a todos os demais prazos, soma-se o mesmo lapso temporal do adiamento. &hellip; <\/p>\n<p class=\"link-more\"><a href=\"https:\/\/wp.ufpel.edu.br\/prae\/2014\/02\/25\/auxilio-eventos-resultado-adiado\/\" class=\"more-link\">Continue lendo<span class=\"screen-reader-text\"> &#8220;AUX\u00cdLIO EVENTOS: RESULTADO ADIADO.&#8221;<\/span><\/a><\/p>\n","protected":false},"author":229,"featured_media":0,"comment_status":"closed","ping_status":"closed","sticky":false,"template":"","format":"standard","meta":{"footnotes":""},"categories":[1],"tags":[],"class_list":["post-2077","post","type-post","status-publish","format-standard","hentry","category-noticias"],"jetpack_featured_media_url":"","_links":{"self":[{"href":"https:\/\/wp.ufpel.edu.br\/prae\/wp-json\/wp\/v2\/posts\/2077","targetHints":{"allow":["GET"]}}],"collection":[{"href":"https:\/\/wp.ufpel.edu.br\/prae\/wp-json\/wp\/v2\/posts"}],"about":[{"href":"https:\/\/wp.ufpel.edu.br\/prae\/wp-json\/wp\/v2\/types\/post"}],"author":[{"embeddable":true,"href":"https:\/\/wp.ufpel.edu.br\/prae\/wp-json\/wp\/v2\/users\/229"}],"replies":[{"embeddable":true,"href":"https:\/\/wp.ufpel.edu.br\/prae\/wp-json\/wp\/v2\/comments?post=2077"}],"version-history":[{"count":4,"href":"https:\/\/wp.ufpel.edu.br\/prae\/wp-json\/wp\/v2\/posts\/2077\/revisions"}],"predecessor-version":[{"id":2083,"href":"https:\/\/wp.ufpel.edu.br\/prae\/wp-json\/wp\/v2\/posts\/2077\/revisions\/2083"}],"wp:attachment":[{"href":"https:\/\/wp.ufpel.edu.br\/prae\/wp-json\/wp\/v2\/media?parent=2077"}],"wp:term":[{"taxonomy":"category","embeddable":true,"href":"https:\/\/wp.ufpel.edu.br\/prae\/wp-json\/wp\/v2\/categories?post=2077"},{"taxonomy":"post_tag","embeddable":true,"href":"https:\/\/wp.ufpel.edu.br\/prae\/wp-json\/wp\/v2\/tags?post=2077"}],"curies":[{"name":"wp","href":"https:\/\/api.w.org\/{rel}","templated":true}]}}