{"id":18938,"date":"2026-08-17T08:43:23","date_gmt":"2026-08-17T11:43:23","guid":{"rendered":"https:\/\/wp.ufpel.edu.br\/prae\/?p=18938"},"modified":"2026-08-17T08:43:23","modified_gmt":"2026-08-17T11:43:23","slug":"entrega-dos-novos-cartoes-prati-dias-e-locais","status":"publish","type":"post","link":"https:\/\/wp.ufpel.edu.br\/prae\/2026\/08\/17\/entrega-dos-novos-cartoes-prati-dias-e-locais\/","title":{"rendered":"Entrega dos novos Cart\u00f5es PRATI &#8211; Dias e Locais"},"content":{"rendered":"<p>A PRATI estar\u00e1 fazendo a entrega dos novos cart\u00f5es do transporte urbano para os estudantes da UFPel (que j\u00e1 possuem o cart\u00e3o estudantil antigo) nos seguintes dias e locais:<\/p>\n<ul>\n<li>17 e 18 no RU do centro, das 11h \u00e0s 14h<\/li>\n<li>19 e 20 no Campus Anglo \u2013 Sagu\u00e3o do t\u00e9rreo, das 9h \u00e0s 21h<\/li>\n<li>21 no RU do Campus Cap\u00e3o do Le\u00e3o, das 11h \u00e0s 14h<\/li>\n<\/ul>\n<p>Os estudantes devem apresentar documento de identidade e o cart\u00e3o antigo.<\/p>\n","protected":false},"excerpt":{"rendered":"<p>A PRATI estar\u00e1 fazendo a entrega dos novos cart\u00f5es do transporte urbano para os estudantes da UFPel (que j\u00e1 possuem o cart\u00e3o estudantil antigo) nos seguintes dias e locais: 17 e 18 no RU do centro, das 11h \u00e0s 14h 19 e 20 no Campus Anglo \u2013 Sagu\u00e3o do t\u00e9rreo, das 9h \u00e0s 21h 21 &hellip; <\/p>\n<p class=\"link-more\"><a href=\"https:\/\/wp.ufpel.edu.br\/prae\/2026\/08\/17\/entrega-dos-novos-cartoes-prati-dias-e-locais\/\" class=\"more-link\">Continue lendo<span class=\"screen-reader-text\"> &#8220;Entrega dos novos Cart\u00f5es PRATI &#8211; Dias e Locais&#8221;<\/span><\/a><\/p>\n","protected":false},"author":229,"featured_media":0,"comment_status":"closed","ping_status":"closed","sticky":false,"template":"","format":"standard","meta":{"footnotes":""},"categories":[1],"tags":[],"class_list":["post-18938","post","type-post","status-publish","format-standard","hentry","category-noticias"],"jetpack_featured_media_url":"","_links":{"self":[{"href":"https:\/\/wp.ufpel.edu.br\/prae\/wp-json\/wp\/v2\/posts\/18938","targetHints":{"allow":["GET"]}}],"collection":[{"href":"https:\/\/wp.ufpel.edu.br\/prae\/wp-json\/wp\/v2\/posts"}],"about":[{"href":"https:\/\/wp.ufpel.edu.br\/prae\/wp-json\/wp\/v2\/types\/post"}],"author":[{"embeddable":true,"href":"https:\/\/wp.ufpel.edu.br\/prae\/wp-json\/wp\/v2\/users\/229"}],"replies":[{"embeddable":true,"href":"https:\/\/wp.ufpel.edu.br\/prae\/wp-json\/wp\/v2\/comments?post=18938"}],"version-history":[{"count":1,"href":"https:\/\/wp.ufpel.edu.br\/prae\/wp-json\/wp\/v2\/posts\/18938\/revisions"}],"predecessor-version":[{"id":18940,"href":"https:\/\/wp.ufpel.edu.br\/prae\/wp-json\/wp\/v2\/posts\/18938\/revisions\/18940"}],"wp:attachment":[{"href":"https:\/\/wp.ufpel.edu.br\/prae\/wp-json\/wp\/v2\/media?parent=18938"}],"wp:term":[{"taxonomy":"category","embeddable":true,"href":"https:\/\/wp.ufpel.edu.br\/prae\/wp-json\/wp\/v2\/categories?post=18938"},{"taxonomy":"post_tag","embeddable":true,"href":"https:\/\/wp.ufpel.edu.br\/prae\/wp-json\/wp\/v2\/tags?post=18938"}],"curies":[{"name":"wp","href":"https:\/\/api.w.org\/{rel}","templated":true}]}}