{"id":180,"date":"2009-09-29T10:06:25","date_gmt":"2009-09-29T13:06:25","guid":{"rendered":"https:\/\/wp.ufpel.edu.br\/praec\/?p=180"},"modified":"2009-09-29T10:06:26","modified_gmt":"2009-09-29T13:06:26","slug":"auxilio-transporte-sindicato-calouros","status":"publish","type":"post","link":"https:\/\/wp.ufpel.edu.br\/prae\/2009\/09\/29\/auxilio-transporte-sindicato-calouros\/","title":{"rendered":"AUXILIO TRANSPORTE SINDICATO-CALOUROS"},"content":{"rendered":"<p style=\"text-align: center\">M\u00eas de outubro de 2009<\/p>\n<p style=\"text-align: center\">Dias 06\/10 e 07\/10<\/p>\n<p style=\"text-align: center\">Local: Sindicato dos transportes<\/p>\n<p style=\"text-align: center\">avenida bento gon\u00e7alves, 3372<\/p>\n<p style=\"text-align: center\">Hor\u00e1rio: 8h \u00e0s 11h30min\/14h \u00e0s 18h\u00a0<\/p>\n","protected":false},"excerpt":{"rendered":"<p>M\u00eas de outubro de 2009 Dias 06\/10 e 07\/10 Local: Sindicato dos transportes avenida bento gon\u00e7alves, 3372 Hor\u00e1rio: 8h \u00e0s 11h30min\/14h \u00e0s 18h\u00a0<\/p>\n","protected":false},"author":12,"featured_media":0,"comment_status":"closed","ping_status":"open","sticky":false,"template":"","format":"standard","meta":{"footnotes":""},"categories":[1],"tags":[],"class_list":["post-180","post","type-post","status-publish","format-standard","hentry","category-noticias"],"jetpack_featured_media_url":"","_links":{"self":[{"href":"https:\/\/wp.ufpel.edu.br\/prae\/wp-json\/wp\/v2\/posts\/180","targetHints":{"allow":["GET"]}}],"collection":[{"href":"https:\/\/wp.ufpel.edu.br\/prae\/wp-json\/wp\/v2\/posts"}],"about":[{"href":"https:\/\/wp.ufpel.edu.br\/prae\/wp-json\/wp\/v2\/types\/post"}],"author":[{"embeddable":true,"href":"https:\/\/wp.ufpel.edu.br\/prae\/wp-json\/wp\/v2\/users\/12"}],"replies":[{"embeddable":true,"href":"https:\/\/wp.ufpel.edu.br\/prae\/wp-json\/wp\/v2\/comments?post=180"}],"version-history":[{"count":2,"href":"https:\/\/wp.ufpel.edu.br\/prae\/wp-json\/wp\/v2\/posts\/180\/revisions"}],"predecessor-version":[{"id":182,"href":"https:\/\/wp.ufpel.edu.br\/prae\/wp-json\/wp\/v2\/posts\/180\/revisions\/182"}],"wp:attachment":[{"href":"https:\/\/wp.ufpel.edu.br\/prae\/wp-json\/wp\/v2\/media?parent=180"}],"wp:term":[{"taxonomy":"category","embeddable":true,"href":"https:\/\/wp.ufpel.edu.br\/prae\/wp-json\/wp\/v2\/categories?post=180"},{"taxonomy":"post_tag","embeddable":true,"href":"https:\/\/wp.ufpel.edu.br\/prae\/wp-json\/wp\/v2\/tags?post=180"}],"curies":[{"name":"wp","href":"https:\/\/api.w.org\/{rel}","templated":true}]}}