{"id":17003,"date":"2024-09-18T11:21:38","date_gmt":"2024-09-18T14:21:38","guid":{"rendered":"https:\/\/wp.ufpel.edu.br\/prae\/?p=17003"},"modified":"2024-09-18T11:34:39","modified_gmt":"2024-09-18T14:34:39","slug":"prae-amplia-o-atendimento-da-assistencia-estudantil","status":"publish","type":"post","link":"https:\/\/wp.ufpel.edu.br\/prae\/2024\/09\/18\/prae-amplia-o-atendimento-da-assistencia-estudantil\/","title":{"rendered":"PRAE amplia o atendimento da assist\u00eancia estudantil"},"content":{"rendered":"\n<p><span style=\"font-weight: 400\">As normativas dos <a href=\"https:\/\/wp.ufpel.edu.br\/prae\/coordenacao_de_ingresso_e_beneficios\/programas_de_assistencia\/\" target=\"_blank\" rel=\"noopener\"><strong>Programas de Aux\u00edlio Estudantil<\/strong><\/a> da PRAE\/UFPel foram atualizadas pelo Conselho de Ensino, Pesquisa e Extens\u00e3o \u2013 COCEPE para contemplarem o p\u00fablico alvo do novo Programa de Aux\u00edlio Estudantil (PAE) criado pela <a href=\"https:\/\/www.planalto.gov.br\/ccivil_03\/_ato2023-2026\/2024\/lei\/L14914.htm\" target=\"_blank\" rel=\"noopener\">Lei 14.914<\/a>, que institui a <strong>Pol\u00edtica Nacional de Assist\u00eancia Estudantil (PNAES)<\/strong>.<\/span><\/p>\n\n\n\n<p><span style=\"font-weight: 400\">A PRAE\/UFPel foi <strong>pioneira<\/strong> na adequa\u00e7\u00e3o \u00e0 nova legisla\u00e7\u00e3o, promulgada em 3 de julho de 2024, j\u00e1 adequando seu <strong><a href=\"https:\/\/wp.ufpel.edu.br\/prae\/edital-dinamico\/\" target=\"_blank\" rel=\"noopener\">Edital de Sele\u00e7\u00e3o<\/a><\/strong> para ingresso nos Programas de Aux\u00edlio Estudantil a partir de 11 de julho.<\/span><\/p>\n\n\n\n<p><span style=\"font-weight: 400\">Nas duas semanas posteriores realizou-se a adequa\u00e7\u00e3o das normativas, que foi encaminhada ao COCEPE em 31 de agosto. Nesta adequa\u00e7\u00e3o, os programas passaram a atender o <em>p\u00fablico-alvo priorit\u00e1rio<\/em> do PAE, j\u00e1 com previs\u00e3o or\u00e7ament\u00e1ria para o final do ano de 2024.<\/span><\/p>\n\n\n\n<p><span style=\"font-weight: 400\">A nova legisla\u00e7\u00e3o estabeleceu <strong>novos requisitos<\/strong> para a concess\u00e3o de aux\u00edlios com a finalidade de garantir a perman\u00eancia de estudantes de gradua\u00e7\u00e3o na educa\u00e7\u00e3o superior e na educa\u00e7\u00e3o profissional, cient\u00edfica e tecnol\u00f3gica p\u00fablica federal e de conclus\u00e3o dos respectivos cursos. Estudantes de <strong>gradua\u00e7\u00e3o<\/strong> tem atendimento priorit\u00e1rio na nova pol\u00edtica, mas estudantes de <strong>p\u00f3s-gradua\u00e7\u00e3o<\/strong> tamb\u00e9m foram inclu\u00eddos, desde que haja recursos or\u00e7ament\u00e1rios dispon\u00edveis.<\/span><\/p>\n\n\n\n<p><span style=\"font-weight: 400\">Al\u00e9m disso, o PAE incluiu requisitos para o ingresso de estudantes cotistas, com defici\u00eancia que requeira acompanhamento pedag\u00f3gico, oriundo de entidade ou de abrigo de acolhimento institucional n\u00e3o adotado em idade de sa\u00edda, quilombola, ind\u00edgena ou de comunidades tradicionais e refugiados.<\/span><\/p>\n\n\n\n<p><span style=\"font-weight: 400\">Importante destacar que <strong>a UFPel j\u00e1 atendia<\/strong> parte destes estudantes anteriormente, desde o ano de 2020, pol\u00edtica que foi institucionalizada atrav\u00e9s da Resolu\u00e7\u00e3o COCEPE 50\/23.<\/span><\/p>\n\n\n\n<p><span style=\"font-weight: 400\">Os demais estudantes passam a ser avaliados em suas vulnerabilidades social e econ\u00f4mica. Neste sentido, a nova legisla\u00e7\u00e3o estabelece o limite de <strong>renda bruta familiar mensal <\/strong><\/span><strong><i>per capita<\/i><\/strong><span style=\"font-weight: 400\"><strong> de at\u00e9 1 (um) sal\u00e1rio m\u00ednimo<\/strong>.<\/span><\/p>\n\n\n\n<p><span style=\"font-weight: 400\">O novo desafio da PRAE\/UFPel nos pr\u00f3ximos meses \u00e9 realizar a adequa\u00e7\u00e3o or\u00e7ament\u00e1ria para tamb\u00e9m atender estudantes de p\u00f3s-gradua\u00e7\u00e3o. Nesse sentido, <strong>j\u00e1 foram disponibilizadas<\/strong> vagas no <a href=\"https:\/\/wp.ufpel.edu.br\/prae\/edital-dinamico\/\" target=\"_blank\" rel=\"noopener\">Edital PRAE 12\/24<\/a> &#8211; atualmente o Edital de Sele\u00e7\u00e3o vigente &#8211; para estudantes da p\u00f3s-gradua\u00e7\u00e3o.<\/span><\/p>\n\n\n\n<p><span style=\"font-weight: 400\">A quest\u00e3o or\u00e7ament\u00e1ria \u00e9 fator limitante para o atendimento das a\u00e7\u00f5es de assist\u00eancia estudantil na UFPel. Entre os anos de 2021 e 2024, a PRAE pode atender a um grande n\u00famero de estudantes, <strong>retirando a limita\u00e7\u00e3o de vagas<\/strong> de todas linhas de a\u00e7\u00e3o consideradas priorit\u00e1rias (alimenta\u00e7\u00e3o, moradia, transporte e pr\u00e9-escolar.&nbsp;<\/span><\/p>\n\n\n<style>.wp-block-kadence-column.kb-section-dir-horizontal > .kt-inside-inner-col > .kt-info-box17003_1b66e7-8f .kt-blocks-info-box-link-wrap{max-width:unset;}.kt-info-box17003_1b66e7-8f .kt-blocks-info-box-link-wrap{border-top:5px solid var(--global-palette7, #eeeeee);border-right:5px solid var(--global-palette7, #eeeeee);border-bottom:5px solid var(--global-palette7, #eeeeee);border-left:5px solid var(--global-palette7, #eeeeee);border-top-left-radius:30px;border-top-right-radius:30px;border-bottom-right-radius:30px;border-bottom-left-radius:30px;background:#ffffff;padding-top:var(--global-kb-spacing-xs, 1rem);padding-right:var(--global-kb-spacing-xs, 1rem);padding-bottom:var(--global-kb-spacing-xs, 1rem);padding-left:var(--global-kb-spacing-xs, 1rem);}.kt-info-box17003_1b66e7-8f .kadence-info-box-icon-container .kt-info-svg-icon, .kt-info-box17003_1b66e7-8f .kt-info-svg-icon-flip, .kt-info-box17003_1b66e7-8f .kt-blocks-info-box-number{font-size:50px;}.kt-info-box17003_1b66e7-8f .kt-blocks-info-box-media{border-radius:200px;overflow:hidden;border-top-width:0px;border-right-width:0px;border-bottom-width:0px;border-left-width:0px;padding-top:20px;padding-right:20px;padding-bottom:20px;padding-left:20px;margin-top:0px;margin-right:20px;margin-bottom:0px;margin-left:0px;}.kt-info-box17003_1b66e7-8f .kt-blocks-info-box-media .kadence-info-box-image-intrisic img{border-radius:200px;}.kt-info-box17003_1b66e7-8f .kt-infobox-textcontent h2.kt-blocks-info-box-title{padding-top:0px;padding-right:0px;padding-bottom:0px;padding-left:0px;margin-top:5px;margin-right:0px;margin-bottom:10px;margin-left:0px;}.wp-block-kadence-infobox.kt-info-box17003_1b66e7-8f .kt-blocks-info-box-text{font-size:var(--global-kb-font-size-sm, 0.9rem);}.kt-info-box17003_1b66e7-8f .kt-blocks-info-box-learnmore{background:transparent;border-width:0px 0px 0px 0px;padding-top:4px;padding-right:8px;padding-bottom:4px;padding-left:8px;margin-top:10px;margin-right:0px;margin-bottom:10px;margin-left:0px;}@media all and (max-width: 1024px){.kt-info-box17003_1b66e7-8f .kt-blocks-info-box-link-wrap{border-top:5px solid var(--global-palette7, #eeeeee);border-right:5px solid var(--global-palette7, #eeeeee);border-bottom:5px solid var(--global-palette7, #eeeeee);border-left:5px solid var(--global-palette7, #eeeeee);}}@media all and (max-width: 767px){.kt-info-box17003_1b66e7-8f .kt-blocks-info-box-link-wrap{border-top:5px solid var(--global-palette7, #eeeeee);border-right:5px solid var(--global-palette7, #eeeeee);border-bottom:5px solid var(--global-palette7, #eeeeee);border-left:5px solid var(--global-palette7, #eeeeee);}}<\/style>\n<div class=\"wp-block-kadence-infobox kt-info-box17003_1b66e7-8f\"><span class=\"kt-blocks-info-box-link-wrap info-box-link kt-blocks-info-box-media-align-left kt-info-halign-left\"><div class=\"kt-blocks-info-box-media-container\"><div class=\"kt-blocks-info-box-media kt-info-media-animate-none\"><div class=\"kadence-info-box-icon-container kt-info-icon-animate-none\"><div class=\"kadence-info-box-icon-inner-container\"><span class=\"kb-svg-icon-wrap kb-svg-icon-fe_book kt-info-svg-icon\"><svg viewBox=\"0 0 24 24\"  fill=\"none\" stroke=\"currentColor\" stroke-width=\"2\" stroke-linecap=\"round\" stroke-linejoin=\"round\" xmlns=\"http:\/\/www.w3.org\/2000\/svg\"  aria-hidden=\"true\"><path d=\"M4 19.5A2.5 2.5 0 0 1 6.5 17H20\"\/><path d=\"M6.5 2H20v20H6.5A2.5 2.5 0 0 1 4 19.5v-15A2.5 2.5 0 0 1 6.5 2z\"\/><\/svg><\/span><\/div><\/div><\/div><\/div><div class=\"kt-infobox-textcontent\"><h2 class=\"kt-blocks-info-box-title\">Principais linhas de a\u00e7\u00e3o<\/h2><p class=\"kt-blocks-info-box-text\"><strong>Alimenta\u00e7\u00e3o<\/strong>: hoje possui dois programas (PAA e PNAR), fornecendo aproximadamente 3 mil bolsas<br><strong>Moradia<\/strong>: possui dois programas (PME e PAM), atendendo a mais de mil estudantes<br><strong>Transporte<\/strong>: possui dois programas (PAT e PAD), atendendo a mais de 2.500 estudantes<br><strong>Pr\u00e9-Escola<\/strong>: possui o PAPE, que atende a aproximadamente 500 estudantes<\/p><\/div><\/span><\/div>\n\n\n\n<blockquote class=\"wp-block-quote has-small-font-size is-layout-flow wp-block-quote-is-layout-flow\">\n<p><\/p>\n<\/blockquote>\n\n\n\n<p><\/p>\n\n\n\n<p><span style=\"font-weight: 400\">Al\u00e9m destas, a PRAE atendeu outras linhas descritas no PAE como <strong>aux\u00edlio \u00e0 inclus\u00e3o digital<\/strong> e <strong>\u00e0 perman\u00eancia espec\u00edfica<\/strong>. Neste sentido, foram disponibilizadas <strong>mais de 5 mil bolsas<\/strong>, incluindo o fornecimento de <strong>chips<\/strong> e bolsas para <strong>acesso \u00e0 internet<\/strong> al\u00e9m de <strong>equipamentos<\/strong>, destacadamente nos momentos em que foram mais necess\u00e1rias, como na <strong>pandemia de Covid-19<\/strong> e nas situa\u00e7\u00f5es de <strong>calamidade p\u00fablica<\/strong>.<\/span><\/p>\n\n\n\n<p><span style=\"font-weight: 400\">Al\u00e9m destas, foram disponibilizadas <strong>mais de 1500 bolsas emergenciais<\/strong> para aux\u00edlio \u00e0 perman\u00eancia de estudantes durante a <strong>eleva\u00e7\u00e3o do n\u00edvel das \u00e1guas<\/strong> no estado do Rio Grande do Sul.<\/span><\/p>\n\n\n\n<p><span style=\"font-weight: 400\">Nesse sentido, tamb\u00e9m foi criado o <strong>Programa de Aux\u00edlio Eventual (PAEVE)<\/strong>, que chega para institucionalizar o atendimento deste tipo de necessidade, atualmente j\u00e1 com editais abertos para atendimento da <strong>Aten\u00e7\u00e3o \u00e0 Sa\u00fade<\/strong> e <strong>Aten\u00e7\u00e3o Social \u00e0 Perman\u00eancia<\/strong>.<\/span><\/p>\n\n\n<style>.wp-block-kadence-column.kb-section-dir-horizontal > .kt-inside-inner-col > .kt-info-box17003_e471a8-0a .kt-blocks-info-box-link-wrap{max-width:unset;}.kt-info-box17003_e471a8-0a .kt-blocks-info-box-link-wrap{border-top:5px solid var(--global-palette7, #eeeeee);border-right:5px solid var(--global-palette7, #eeeeee);border-bottom:5px solid var(--global-palette7, #eeeeee);border-left:5px solid var(--global-palette7, #eeeeee);border-top-left-radius:20px;border-top-right-radius:20px;border-bottom-right-radius:20px;border-bottom-left-radius:20px;background:#ffffff;padding-top:var(--global-kb-spacing-sm, 1.5rem);padding-right:var(--global-kb-spacing-sm, 1.5rem);padding-bottom:var(--global-kb-spacing-sm, 1.5rem);padding-left:var(--global-kb-spacing-sm, 1.5rem);margin-top:50px;}.kt-info-box17003_e471a8-0a .kadence-info-box-icon-container .kt-info-svg-icon, .kt-info-box17003_e471a8-0a .kt-info-svg-icon-flip, .kt-info-box17003_e471a8-0a .kt-blocks-info-box-number{font-size:50px;}.kt-info-box17003_e471a8-0a .kt-blocks-info-box-media{background:#ffffff;border-color:var(--global-palette7, #eeeeee);border-radius:200px;overflow:hidden;border-top-width:5px;border-right-width:5px;border-bottom-width:5px;border-left-width:5px;padding-top:20px;padding-right:20px;padding-bottom:20px;padding-left:20px;}.kt-info-box17003_e471a8-0a .kt-blocks-info-box-media-container{margin-top:-75px;margin-right:0px;margin-bottom:20px;margin-left:0px;}.kt-info-box17003_e471a8-0a .kt-blocks-info-box-media .kadence-info-box-image-intrisic img{border-radius:200px;}.kt-info-box17003_e471a8-0a .kt-infobox-textcontent h2.kt-blocks-info-box-title{padding-top:0px;padding-right:0px;padding-bottom:0px;padding-left:0px;margin-top:5px;margin-right:0px;margin-bottom:10px;margin-left:0px;}.wp-block-kadence-infobox.kt-info-box17003_e471a8-0a .kt-blocks-info-box-text{padding-top:2px;padding-right:2px;padding-bottom:2px;padding-left:2px;margin-top:-5px;margin-right:-5px;margin-bottom:-5px;margin-left:-5px;}.kt-info-box17003_e471a8-0a .kt-blocks-info-box-text{min-height:260px;}.kt-info-box17003_e471a8-0a .kt-blocks-info-box-learnmore{background:transparent;border-width:0px 0px 0px 0px;padding-top:4px;padding-right:8px;padding-bottom:4px;padding-left:8px;margin-top:10px;margin-right:0px;margin-bottom:10px;margin-left:0px;}@media all and (max-width: 1024px){.kt-info-box17003_e471a8-0a .kt-blocks-info-box-link-wrap{border-top:5px solid var(--global-palette7, #eeeeee);border-right:5px solid var(--global-palette7, #eeeeee);border-bottom:5px solid var(--global-palette7, #eeeeee);border-left:5px solid var(--global-palette7, #eeeeee);}}@media all and (max-width: 767px){.kt-info-box17003_e471a8-0a .kt-blocks-info-box-link-wrap{border-top:5px solid var(--global-palette7, #eeeeee);border-right:5px solid var(--global-palette7, #eeeeee);border-bottom:5px solid var(--global-palette7, #eeeeee);border-left:5px solid var(--global-palette7, #eeeeee);}}<\/style>\n<div class=\"wp-block-kadence-infobox kt-info-box17003_e471a8-0a\"><span class=\"kt-blocks-info-box-link-wrap info-box-link kt-blocks-info-box-media-align-top kt-info-halign-center\"><div class=\"kt-blocks-info-box-media-container\"><div class=\"kt-blocks-info-box-media kt-info-media-animate-none\"><div class=\"kadence-info-box-icon-container kt-info-icon-animate-none\"><div class=\"kadence-info-box-icon-inner-container\"><span class=\"kb-svg-icon-wrap kb-svg-icon-fe_slack kt-info-svg-icon\"><svg viewBox=\"0 0 24 24\"  fill=\"none\" stroke=\"currentColor\" stroke-width=\"2\" stroke-linecap=\"round\" stroke-linejoin=\"round\" xmlns=\"http:\/\/www.w3.org\/2000\/svg\"  aria-hidden=\"true\"><path d=\"M22.08 9C19.81 1.41 16.54-.35 9 1.92S-.35 7.46 1.92 15 7.46 24.35 15 22.08 24.35 16.54 22.08 9z\"\/><line x1=\"12.57\" y1=\"5.99\" x2=\"16.15\" y2=\"16.39\"\/><line x1=\"7.85\" y1=\"7.61\" x2=\"11.43\" y2=\"18.01\"\/><line x1=\"16.39\" y1=\"7.85\" x2=\"5.99\" y2=\"11.43\"\/><line x1=\"18.01\" y1=\"12.57\" x2=\"7.61\" y2=\"16.15\"\/><\/svg><\/span><\/div><\/div><\/div><\/div><div class=\"kt-infobox-textcontent\"><h2 class=\"kt-blocks-info-box-title\">Confira os novos textos normativos<\/h2><p class=\"kt-blocks-info-box-text\"><a href=\"https:\/\/wp.ufpel.edu.br\/prae\/files\/2024\/09\/77_PAA.pdf\" target=\"_blank\" rel=\"noreferrer noopener\">Programa de Aux\u00edlio Alimenta\u00e7\u00e3o<\/a><br><br><a href=\"https:\/\/wp.ufpel.edu.br\/prae\/files\/2024\/09\/84_PNAR.pdf\" target=\"_blank\" rel=\"noreferrer noopener\">Programa de Aux\u00edlio Alimenta\u00e7\u00e3o para Estudantes com Necessidades Alimentares Restritivas<\/a><br><br>&nbsp;<a href=\"https:\/\/wp.ufpel.edu.br\/prae\/files\/2024\/09\/83_PAID.pdf\" target=\"_blank\" rel=\"noreferrer noopener\">Programa de Aux\u00edlio Inclus\u00e3o Digital<\/a><br><br>\n&nbsp;<a href=\"https:\/\/wp.ufpel.edu.br\/prae\/files\/2024\/09\/85_PAEVE.pdf\" target=\"_blank\" rel=\"noreferrer noopener\">Programa de Aux\u00edlio Eventual<\/a><br><br><a href=\"https:\/\/wp.ufpel.edu.br\/prae\/files\/2024\/09\/78_PAT.pdf\" target=\"_blank\" rel=\"noreferrer noopener\">Programa de Aux\u00edlio Transporte<\/a><br><br><a href=\"https:\/\/wp.ufpel.edu.br\/prae\/files\/2024\/09\/79_PAD.pdf\" target=\"_blank\" rel=\"noreferrer noopener\">Programa de Aux\u00edlio Deslocamento<\/a><br><br><a href=\"https:\/\/wp.ufpel.edu.br\/prae\/files\/2024\/09\/80_PAPE.pdf\" target=\"_blank\" rel=\"noreferrer noopener\">Programa de Aux\u00edlio Pr\u00e9-escolar<\/a><br><br><a href=\"https:\/\/wp.ufpel.edu.br\/prae\/files\/2024\/09\/81_PME.pdf\" target=\"_blank\" rel=\"noreferrer noopener\">Programa de Moradia Estudantil<\/a><br><br><a href=\"https:\/\/wp.ufpel.edu.br\/prae\/files\/2024\/09\/82_PAM.pdf\" target=\"_blank\" rel=\"noreferrer noopener\">Programa de Aux\u00edlio Moradia<\/a><\/p><\/div><\/span><\/div>\n\n\n\n<p><\/p>\n\n\n\n<p><\/p>\n","protected":false},"excerpt":{"rendered":"<p>As normativas dos Programas de Aux\u00edlio Estudantil da PRAE\/UFPel foram atualizadas pelo Conselho de Ensino, Pesquisa e Extens\u00e3o \u2013 COCEPE para contemplarem o p\u00fablico alvo do novo Programa de Aux\u00edlio Estudantil (PAE) criado pela Lei 14.914, que institui a Pol\u00edtica Nacional de Assist\u00eancia Estudantil (PNAES). A PRAE\/UFPel foi pioneira na adequa\u00e7\u00e3o \u00e0 nova legisla\u00e7\u00e3o, promulgada &hellip; <\/p>\n<p class=\"link-more\"><a href=\"https:\/\/wp.ufpel.edu.br\/prae\/2024\/09\/18\/prae-amplia-o-atendimento-da-assistencia-estudantil\/\" class=\"more-link\">Continue lendo<span class=\"screen-reader-text\"> &#8220;PRAE amplia o atendimento da assist\u00eancia estudantil&#8221;<\/span><\/a><\/p>\n","protected":false},"author":229,"featured_media":0,"comment_status":"closed","ping_status":"closed","sticky":false,"template":"","format":"standard","meta":{"footnotes":""},"categories":[1],"tags":[],"class_list":["post-17003","post","type-post","status-publish","format-standard","hentry","category-noticias"],"jetpack_featured_media_url":"","_links":{"self":[{"href":"https:\/\/wp.ufpel.edu.br\/prae\/wp-json\/wp\/v2\/posts\/17003","targetHints":{"allow":["GET"]}}],"collection":[{"href":"https:\/\/wp.ufpel.edu.br\/prae\/wp-json\/wp\/v2\/posts"}],"about":[{"href":"https:\/\/wp.ufpel.edu.br\/prae\/wp-json\/wp\/v2\/types\/post"}],"author":[{"embeddable":true,"href":"https:\/\/wp.ufpel.edu.br\/prae\/wp-json\/wp\/v2\/users\/229"}],"replies":[{"embeddable":true,"href":"https:\/\/wp.ufpel.edu.br\/prae\/wp-json\/wp\/v2\/comments?post=17003"}],"version-history":[{"count":7,"href":"https:\/\/wp.ufpel.edu.br\/prae\/wp-json\/wp\/v2\/posts\/17003\/revisions"}],"predecessor-version":[{"id":17013,"href":"https:\/\/wp.ufpel.edu.br\/prae\/wp-json\/wp\/v2\/posts\/17003\/revisions\/17013"}],"wp:attachment":[{"href":"https:\/\/wp.ufpel.edu.br\/prae\/wp-json\/wp\/v2\/media?parent=17003"}],"wp:term":[{"taxonomy":"category","embeddable":true,"href":"https:\/\/wp.ufpel.edu.br\/prae\/wp-json\/wp\/v2\/categories?post=17003"},{"taxonomy":"post_tag","embeddable":true,"href":"https:\/\/wp.ufpel.edu.br\/prae\/wp-json\/wp\/v2\/tags?post=17003"}],"curies":[{"name":"wp","href":"https:\/\/api.w.org\/{rel}","templated":true}]}}