{"id":16913,"date":"2024-09-02T11:17:09","date_gmt":"2024-09-02T14:17:09","guid":{"rendered":"https:\/\/wp.ufpel.edu.br\/prae\/?p=16913"},"modified":"2024-09-02T11:17:09","modified_gmt":"2024-09-02T14:17:09","slug":"auxilio-inclusao-digital-equipamentos-segunda-chamada","status":"publish","type":"post","link":"https:\/\/wp.ufpel.edu.br\/prae\/2024\/09\/02\/auxilio-inclusao-digital-equipamentos-segunda-chamada\/","title":{"rendered":"Aux\u00edlio Inclus\u00e3o Digital &#8211; Equipamentos Segunda Chamada"},"content":{"rendered":"<p>A PRAE publicou hoje o\u00a0<strong>Edital PRAE 10\/24 \u2013 Aux\u00edlio Inclus\u00e3o Digital \u2013 Aux\u00edlio Equipamentos SEGUNDA CHAMADA<\/strong> para sele\u00e7\u00e3o de estudantes ao Programa de Aux\u00edlio Inclus\u00e3o Digital (PAID) \u2013 Modalidade Aux\u00edlio Equipamentos ainda n\u00e3o contemplados.<\/p>\n<p>Entre outros crit\u00e9rios, o(a) candidato(a) deve ser estudante de curso de gradua\u00e7\u00e3o e j\u00e1 ser benefici\u00e1rio(a) da PRAE.<\/p>\n<p>Est\u00e3o sendo ofertadas 600 bolsas no valor de R$ 1600,00 para aquisi\u00e7\u00e3o de equipamentos para acesso \u00e0 internet e edi\u00e7\u00e3o de textos.<\/p>\n<p>Nesta chamada,\u00a0 ESTUDANTES INGRESSANTES (com matr\u00edcula ativa) e ESTUDANTE J\u00c1 BENEFICIADOS ANTERIORMENTE poder\u00e3o concorrer.<\/p>\n<p>A inscri\u00e7\u00e3o ser\u00e1 feita entre os dias 3 e 8 de setembro, exclusivamente pela internet.<\/p>\n<p>A previs\u00e3o de divulga\u00e7\u00e3o do resultado inicial \u00e9 para o dia 10 de setembro.<\/p>\n<p>O dep\u00f3sito do valor tem previs\u00e3o inicial para acontecer no m\u00eas de outubro de 2024.<\/p>\n<p>SOLICITAMOS AMPLA DIVULGA\u00c7\u00c3O NAS REDES estudantis.<\/p>\n<p>Veja todos os detalhes no Edital de Sele\u00e7\u00e3o:<\/p>\n<p><a href=\"https:\/\/wp.ufpel.edu.br\/prae\/files\/2024\/09\/SEI_23110.026024_2024_22_internetsegundachamada.pdf\" target=\"_blank\" rel=\"noopener\">Aux\u00edlio Equipamentos &#8211; Segunda Chamada<\/a><\/p>\n","protected":false},"excerpt":{"rendered":"<p>A PRAE publicou hoje o\u00a0Edital PRAE 10\/24 \u2013 Aux\u00edlio Inclus\u00e3o Digital \u2013 Aux\u00edlio Equipamentos SEGUNDA CHAMADA para sele\u00e7\u00e3o de estudantes ao Programa de Aux\u00edlio Inclus\u00e3o Digital (PAID) \u2013 Modalidade Aux\u00edlio Equipamentos ainda n\u00e3o contemplados. Entre outros crit\u00e9rios, o(a) candidato(a) deve ser estudante de curso de gradua\u00e7\u00e3o e j\u00e1 ser benefici\u00e1rio(a) da PRAE. Est\u00e3o sendo ofertadas &hellip; <\/p>\n<p class=\"link-more\"><a href=\"https:\/\/wp.ufpel.edu.br\/prae\/2024\/09\/02\/auxilio-inclusao-digital-equipamentos-segunda-chamada\/\" class=\"more-link\">Continue lendo<span class=\"screen-reader-text\"> &#8220;Aux\u00edlio Inclus\u00e3o Digital &#8211; Equipamentos Segunda Chamada&#8221;<\/span><\/a><\/p>\n","protected":false},"author":229,"featured_media":0,"comment_status":"closed","ping_status":"closed","sticky":false,"template":"","format":"standard","meta":{"footnotes":""},"categories":[1],"tags":[],"class_list":["post-16913","post","type-post","status-publish","format-standard","hentry","category-noticias"],"jetpack_featured_media_url":"","_links":{"self":[{"href":"https:\/\/wp.ufpel.edu.br\/prae\/wp-json\/wp\/v2\/posts\/16913","targetHints":{"allow":["GET"]}}],"collection":[{"href":"https:\/\/wp.ufpel.edu.br\/prae\/wp-json\/wp\/v2\/posts"}],"about":[{"href":"https:\/\/wp.ufpel.edu.br\/prae\/wp-json\/wp\/v2\/types\/post"}],"author":[{"embeddable":true,"href":"https:\/\/wp.ufpel.edu.br\/prae\/wp-json\/wp\/v2\/users\/229"}],"replies":[{"embeddable":true,"href":"https:\/\/wp.ufpel.edu.br\/prae\/wp-json\/wp\/v2\/comments?post=16913"}],"version-history":[{"count":1,"href":"https:\/\/wp.ufpel.edu.br\/prae\/wp-json\/wp\/v2\/posts\/16913\/revisions"}],"predecessor-version":[{"id":16916,"href":"https:\/\/wp.ufpel.edu.br\/prae\/wp-json\/wp\/v2\/posts\/16913\/revisions\/16916"}],"wp:attachment":[{"href":"https:\/\/wp.ufpel.edu.br\/prae\/wp-json\/wp\/v2\/media?parent=16913"}],"wp:term":[{"taxonomy":"category","embeddable":true,"href":"https:\/\/wp.ufpel.edu.br\/prae\/wp-json\/wp\/v2\/categories?post=16913"},{"taxonomy":"post_tag","embeddable":true,"href":"https:\/\/wp.ufpel.edu.br\/prae\/wp-json\/wp\/v2\/tags?post=16913"}],"curies":[{"name":"wp","href":"https:\/\/api.w.org\/{rel}","templated":true}]}}