{"id":16910,"date":"2024-09-02T11:19:29","date_gmt":"2024-09-02T14:19:29","guid":{"rendered":"https:\/\/wp.ufpel.edu.br\/prae\/?p=16910"},"modified":"2024-09-02T11:19:29","modified_gmt":"2024-09-02T14:19:29","slug":"edital-auxilio-inclusao-digital-equipamentos-resultado-inicial","status":"publish","type":"post","link":"https:\/\/wp.ufpel.edu.br\/prae\/2024\/09\/02\/edital-auxilio-inclusao-digital-equipamentos-resultado-inicial\/","title":{"rendered":"Edital Aux\u00edlio Inclus\u00e3o Digital &#8211; Equipamentos: Resultado inicial"},"content":{"rendered":"<p>A Coordena\u00e7\u00e3o de Ingresso em Benef\u00edcios torna p\u00fablico o Resultado Preliminar do Edital PRAE 09\/24 &#8211; AUX\u00cdLIO INCLUS\u00c3O DIGITAL &#8211; aux\u00edlio equipamentos.<\/p>\n<p>Considerando o n\u00famero de deferimentos abaixo do n\u00famero de bolsas dispon\u00edveis, o valor da bolsa foi ajustado para R$ 1600,00 (mil e seiscentos reais) e alguns crit\u00e9rios de concess\u00e3o n\u00e3o foram observados, no sentido de beneficiar estudantes que eram p\u00fablico-alvo do edital de sele\u00e7\u00e3o.<\/p>\n<p>Estudantes INDEFERIDOS poder\u00e3o concorrer novamente no Edital PRAE 10\/24, sendo considerada a nova inscri\u00e7\u00e3o tamb\u00e9m como pedido de Recurso.<\/p>\n<p>Novos crit\u00e9rios foram estabelecidos no <a href=\"https:\/\/wp.ufpel.edu.br\/prae\/files\/2024\/09\/SEI_23110.026024_2024_22_internetsegundachamada.pdf\" target=\"_blank\" rel=\"noopener\">Edital 10\/24<\/a> de modo a ampliar o p\u00fablico da a\u00e7\u00e3o, incluindo a possibilidade de concess\u00e3o para estudantes ingressantes j\u00e1 com matr\u00edcula ativa e estudantes anteriormente beneficiados pela mesma a\u00e7\u00e3o.<\/p>\n<p>Confira o resultado aqui: <a href=\"https:\/\/wp.ufpel.edu.br\/prae\/files\/2024\/09\/SEI_23110.023456_2024_81_resultado.pdf\" target=\"_blank\" rel=\"noopener\">Aux\u00edlio Equipamentos &#8211; Resultado<\/a><\/p>\n","protected":false},"excerpt":{"rendered":"<p>A Coordena\u00e7\u00e3o de Ingresso em Benef\u00edcios torna p\u00fablico o Resultado Preliminar do Edital PRAE 09\/24 &#8211; AUX\u00cdLIO INCLUS\u00c3O DIGITAL &#8211; aux\u00edlio equipamentos. Considerando o n\u00famero de deferimentos abaixo do n\u00famero de bolsas dispon\u00edveis, o valor da bolsa foi ajustado para R$ 1600,00 (mil e seiscentos reais) e alguns crit\u00e9rios de concess\u00e3o n\u00e3o foram observados, no &hellip; <\/p>\n<p class=\"link-more\"><a href=\"https:\/\/wp.ufpel.edu.br\/prae\/2024\/09\/02\/edital-auxilio-inclusao-digital-equipamentos-resultado-inicial\/\" class=\"more-link\">Continue lendo<span class=\"screen-reader-text\"> &#8220;Edital Aux\u00edlio Inclus\u00e3o Digital &#8211; Equipamentos: Resultado inicial&#8221;<\/span><\/a><\/p>\n","protected":false},"author":229,"featured_media":0,"comment_status":"closed","ping_status":"closed","sticky":false,"template":"","format":"standard","meta":{"footnotes":""},"categories":[1],"tags":[],"class_list":["post-16910","post","type-post","status-publish","format-standard","hentry","category-noticias"],"jetpack_featured_media_url":"","_links":{"self":[{"href":"https:\/\/wp.ufpel.edu.br\/prae\/wp-json\/wp\/v2\/posts\/16910","targetHints":{"allow":["GET"]}}],"collection":[{"href":"https:\/\/wp.ufpel.edu.br\/prae\/wp-json\/wp\/v2\/posts"}],"about":[{"href":"https:\/\/wp.ufpel.edu.br\/prae\/wp-json\/wp\/v2\/types\/post"}],"author":[{"embeddable":true,"href":"https:\/\/wp.ufpel.edu.br\/prae\/wp-json\/wp\/v2\/users\/229"}],"replies":[{"embeddable":true,"href":"https:\/\/wp.ufpel.edu.br\/prae\/wp-json\/wp\/v2\/comments?post=16910"}],"version-history":[{"count":1,"href":"https:\/\/wp.ufpel.edu.br\/prae\/wp-json\/wp\/v2\/posts\/16910\/revisions"}],"predecessor-version":[{"id":16917,"href":"https:\/\/wp.ufpel.edu.br\/prae\/wp-json\/wp\/v2\/posts\/16910\/revisions\/16917"}],"wp:attachment":[{"href":"https:\/\/wp.ufpel.edu.br\/prae\/wp-json\/wp\/v2\/media?parent=16910"}],"wp:term":[{"taxonomy":"category","embeddable":true,"href":"https:\/\/wp.ufpel.edu.br\/prae\/wp-json\/wp\/v2\/categories?post=16910"},{"taxonomy":"post_tag","embeddable":true,"href":"https:\/\/wp.ufpel.edu.br\/prae\/wp-json\/wp\/v2\/tags?post=16910"}],"curies":[{"name":"wp","href":"https:\/\/api.w.org\/{rel}","templated":true}]}}