{"id":16904,"date":"2024-08-30T18:50:12","date_gmt":"2024-08-30T21:50:12","guid":{"rendered":"https:\/\/wp.ufpel.edu.br\/prae\/?p=16904"},"modified":"2024-08-30T18:50:54","modified_gmt":"2024-08-30T21:50:54","slug":"edital-auxilio-eventos-no-1-2024-cronograma-retificado","status":"publish","type":"post","link":"https:\/\/wp.ufpel.edu.br\/prae\/2024\/08\/30\/edital-auxilio-eventos-no-1-2024-cronograma-retificado\/","title":{"rendered":"EDITAL AUX\u00cdLIO EVENTOS N\u00ba 1\/2024 CRONOGRAMA RETIFICADO"},"content":{"rendered":"<p>A Universidade Federal de Pelotas, por meio da Pr\u00f3-Reitoria de Assuntos Estudantis, RETIFICA o Edital Aux\u00edlio Eventos n\u00ba 1\/2024 conforme segue:<\/p>\n<p><strong>Per\u00edodo para apresenta\u00e7\u00e3o de propostas: 1\u00ba de agosto a 1\u00ba de setembro de 2024<\/strong><\/p>\n<p><a href=\"https:\/\/wp.ufpel.edu.br\/prae\/files\/2024\/08\/SEI_23110.020782_2024_37-3.pdf\" target=\"_blank\" rel=\"noopener\">RETIFICA\u00c7\u00c3O Edital Aux\u00edlio Eventos 1\/2024<\/a><\/p>\n<p>Confira o Edital no link:\u00a0<a class=\"mtli_attachment mtli_pdf\" href=\"https:\/\/wp.ufpel.edu.br\/prae\/files\/2024\/08\/SEI_23110.020782_2024_37-2.pdf\" target=\"_blank\" rel=\"noopener\">Edital Aux\u00edlio Eventos N\u00b01\/2024<\/a><\/p>\n<p>D\u00favidas:\u00a0<u>auxilio.eventos@ufpel.edu.br<\/u><\/p>\n","protected":false},"excerpt":{"rendered":"<p>A Universidade Federal de Pelotas, por meio da Pr\u00f3-Reitoria de Assuntos Estudantis, RETIFICA o Edital Aux\u00edlio Eventos n\u00ba 1\/2024 conforme segue: Per\u00edodo para apresenta\u00e7\u00e3o de propostas: 1\u00ba de agosto a 1\u00ba de setembro de 2024 RETIFICA\u00c7\u00c3O Edital Aux\u00edlio Eventos 1\/2024 Confira o Edital no link:\u00a0Edital Aux\u00edlio Eventos N\u00b01\/2024 D\u00favidas:\u00a0auxilio.eventos@ufpel.edu.br<\/p>\n","protected":false},"author":229,"featured_media":0,"comment_status":"closed","ping_status":"closed","sticky":false,"template":"","format":"standard","meta":{"footnotes":""},"categories":[38890,1],"tags":[],"class_list":["post-16904","post","type-post","status-publish","format-standard","hentry","category-editais-politica-estudantil","category-noticias"],"jetpack_featured_media_url":"","_links":{"self":[{"href":"https:\/\/wp.ufpel.edu.br\/prae\/wp-json\/wp\/v2\/posts\/16904","targetHints":{"allow":["GET"]}}],"collection":[{"href":"https:\/\/wp.ufpel.edu.br\/prae\/wp-json\/wp\/v2\/posts"}],"about":[{"href":"https:\/\/wp.ufpel.edu.br\/prae\/wp-json\/wp\/v2\/types\/post"}],"author":[{"embeddable":true,"href":"https:\/\/wp.ufpel.edu.br\/prae\/wp-json\/wp\/v2\/users\/229"}],"replies":[{"embeddable":true,"href":"https:\/\/wp.ufpel.edu.br\/prae\/wp-json\/wp\/v2\/comments?post=16904"}],"version-history":[{"count":2,"href":"https:\/\/wp.ufpel.edu.br\/prae\/wp-json\/wp\/v2\/posts\/16904\/revisions"}],"predecessor-version":[{"id":16908,"href":"https:\/\/wp.ufpel.edu.br\/prae\/wp-json\/wp\/v2\/posts\/16904\/revisions\/16908"}],"wp:attachment":[{"href":"https:\/\/wp.ufpel.edu.br\/prae\/wp-json\/wp\/v2\/media?parent=16904"}],"wp:term":[{"taxonomy":"category","embeddable":true,"href":"https:\/\/wp.ufpel.edu.br\/prae\/wp-json\/wp\/v2\/categories?post=16904"},{"taxonomy":"post_tag","embeddable":true,"href":"https:\/\/wp.ufpel.edu.br\/prae\/wp-json\/wp\/v2\/tags?post=16904"}],"curies":[{"name":"wp","href":"https:\/\/api.w.org\/{rel}","templated":true}]}}