{"id":16190,"date":"2024-04-11T18:18:05","date_gmt":"2024-04-11T21:18:05","guid":{"rendered":"https:\/\/wp.ufpel.edu.br\/prae\/?p=16190"},"modified":"2024-04-11T18:19:48","modified_gmt":"2024-04-11T21:19:48","slug":"resultado-preliminar-da-selecao-para-o-projeto-prae-acolhe","status":"publish","type":"post","link":"https:\/\/wp.ufpel.edu.br\/prae\/2024\/04\/11\/resultado-preliminar-da-selecao-para-o-projeto-prae-acolhe\/","title":{"rendered":"Resultado preliminar da sele\u00e7\u00e3o para o projeto PRAE Acolhe!"},"content":{"rendered":"\n<p>Acesse aqui o\u00a0<a href=\"https:\/\/wp.ufpel.edu.br\/prae\/files\/2024\/04\/2024_1-Formulario-Inscricao-Edital-Bolsa-PRAE-Projeto-PRAE-ACOLHE-Edital-respostas-Publicacao-1.pdf\">Resultado preliminar &#8211; Projeto PRAE ACOLHE!<\/a><\/p>\n\n\n\n<p>O(A) candidato(a) n\u00e3o selecionado(a) para preenchimento da vaga poder\u00e1 apresentar recurso consistindo em argumenta\u00e7\u00e3o bem fundamentada, redigida e encaminhada pelo&nbsp;<a href=\"https:\/\/docs.google.com\/forms\/d\/e\/1FAIpQLSeUnGBPqsj5M-3BMyNlBKAbdbx--QiyQnE3vJLkMaO07u-oTg\/viewform\">Formul\u00e1rio de Solicita\u00e7\u00e3o de Recurso<\/a><\/p>\n\n\n\n<p>O prazo para apresenta\u00e7\u00e3o de recurso ser\u00e1 at\u00e9 \u00e0s 14 horas do dia 12 de abril de 2024.<\/p>\n\n\n\n<p>A divulga\u00e7\u00e3o do resultado final est\u00e1 prevista para o dia 12 de abril de 2024 e ser\u00e1<br>divulgado na p\u00e1gina da PRAE\/UFPel (Not\u00edcias) e redes sociais institucionais.<\/p>\n","protected":false},"excerpt":{"rendered":"<p>Acesse aqui o\u00a0Resultado preliminar &#8211; Projeto PRAE ACOLHE! O(A) candidato(a) n\u00e3o selecionado(a) para preenchimento da vaga poder\u00e1 apresentar recurso consistindo em argumenta\u00e7\u00e3o bem fundamentada, redigida e encaminhada pelo&nbsp;Formul\u00e1rio de Solicita\u00e7\u00e3o de Recurso O prazo para apresenta\u00e7\u00e3o de recurso ser\u00e1 at\u00e9 \u00e0s 14 horas do dia 12 de abril de 2024. A divulga\u00e7\u00e3o do resultado final &hellip; <\/p>\n<p class=\"link-more\"><a href=\"https:\/\/wp.ufpel.edu.br\/prae\/2024\/04\/11\/resultado-preliminar-da-selecao-para-o-projeto-prae-acolhe\/\" class=\"more-link\">Continue lendo<span class=\"screen-reader-text\"> &#8220;Resultado preliminar da sele\u00e7\u00e3o para o projeto PRAE Acolhe!&#8221;<\/span><\/a><\/p>\n","protected":false},"author":229,"featured_media":0,"comment_status":"closed","ping_status":"closed","sticky":false,"template":"","format":"standard","meta":{"footnotes":""},"categories":[1],"tags":[],"class_list":["post-16190","post","type-post","status-publish","format-standard","hentry","category-noticias"],"jetpack_featured_media_url":"","_links":{"self":[{"href":"https:\/\/wp.ufpel.edu.br\/prae\/wp-json\/wp\/v2\/posts\/16190","targetHints":{"allow":["GET"]}}],"collection":[{"href":"https:\/\/wp.ufpel.edu.br\/prae\/wp-json\/wp\/v2\/posts"}],"about":[{"href":"https:\/\/wp.ufpel.edu.br\/prae\/wp-json\/wp\/v2\/types\/post"}],"author":[{"embeddable":true,"href":"https:\/\/wp.ufpel.edu.br\/prae\/wp-json\/wp\/v2\/users\/229"}],"replies":[{"embeddable":true,"href":"https:\/\/wp.ufpel.edu.br\/prae\/wp-json\/wp\/v2\/comments?post=16190"}],"version-history":[{"count":2,"href":"https:\/\/wp.ufpel.edu.br\/prae\/wp-json\/wp\/v2\/posts\/16190\/revisions"}],"predecessor-version":[{"id":16195,"href":"https:\/\/wp.ufpel.edu.br\/prae\/wp-json\/wp\/v2\/posts\/16190\/revisions\/16195"}],"wp:attachment":[{"href":"https:\/\/wp.ufpel.edu.br\/prae\/wp-json\/wp\/v2\/media?parent=16190"}],"wp:term":[{"taxonomy":"category","embeddable":true,"href":"https:\/\/wp.ufpel.edu.br\/prae\/wp-json\/wp\/v2\/categories?post=16190"},{"taxonomy":"post_tag","embeddable":true,"href":"https:\/\/wp.ufpel.edu.br\/prae\/wp-json\/wp\/v2\/tags?post=16190"}],"curies":[{"name":"wp","href":"https:\/\/api.w.org\/{rel}","templated":true}]}}