{"id":16123,"date":"2024-03-22T21:37:37","date_gmt":"2024-03-23T00:37:37","guid":{"rendered":"https:\/\/wp.ufpel.edu.br\/prae\/?p=16123"},"modified":"2024-03-22T21:37:37","modified_gmt":"2024-03-23T00:37:37","slug":"resultado-da-selecao-de-bolsista","status":"publish","type":"post","link":"https:\/\/wp.ufpel.edu.br\/prae\/2024\/03\/22\/resultado-da-selecao-de-bolsista\/","title":{"rendered":"Resultado da sele\u00e7\u00e3o de bolsista"},"content":{"rendered":"<p class=\"Texto_Justificado_Recuo_Primeira_Linha\">Informamos o resultado final da sele\u00e7\u00e3o de bolsistas para atua\u00e7\u00e3o na Pr\u00f3-Reitoria de Assuntos Estudantis:<\/p>\n<p class=\"Texto_Justificado_Recuo_Primeira_Linha\">Auxiliar de Comunica\u00e7\u00e3o Social (Demanda Socioecon\u00f4mica) &#8211; <a href=\"https:\/\/wp.ufpel.edu.br\/prae\/files\/2024\/03\/SEI_23110.004606_2024_58-1.pdf\">SEI_23110.004606_2024_58 (DS)<\/a><\/p>\n<p class=\"Texto_Justificado_Recuo_Primeira_Linha\">Auxiliar de An\u00e1lise de Dados (A\u00e7\u00f5es Afirmativas) &#8211; <a href=\"https:\/\/wp.ufpel.edu.br\/prae\/files\/2024\/03\/SEI_23110.004606_2024_58-2.pdf\">SEI_23110.004606_2024_58 (AFF)<\/a><\/p>\n<p class=\"Texto_Justificado_Recuo_Primeira_Linha\">\n","protected":false},"excerpt":{"rendered":"<p>Informamos o resultado final da sele\u00e7\u00e3o de bolsistas para atua\u00e7\u00e3o na Pr\u00f3-Reitoria de Assuntos Estudantis: Auxiliar de Comunica\u00e7\u00e3o Social (Demanda Socioecon\u00f4mica) &#8211; SEI_23110.004606_2024_58 (DS) Auxiliar de An\u00e1lise de Dados (A\u00e7\u00f5es Afirmativas) &#8211; SEI_23110.004606_2024_58 (AFF)<\/p>\n","protected":false},"author":229,"featured_media":0,"comment_status":"closed","ping_status":"closed","sticky":false,"template":"","format":"standard","meta":{"footnotes":""},"categories":[1],"tags":[],"class_list":["post-16123","post","type-post","status-publish","format-standard","hentry","category-noticias"],"jetpack_featured_media_url":"","_links":{"self":[{"href":"https:\/\/wp.ufpel.edu.br\/prae\/wp-json\/wp\/v2\/posts\/16123","targetHints":{"allow":["GET"]}}],"collection":[{"href":"https:\/\/wp.ufpel.edu.br\/prae\/wp-json\/wp\/v2\/posts"}],"about":[{"href":"https:\/\/wp.ufpel.edu.br\/prae\/wp-json\/wp\/v2\/types\/post"}],"author":[{"embeddable":true,"href":"https:\/\/wp.ufpel.edu.br\/prae\/wp-json\/wp\/v2\/users\/229"}],"replies":[{"embeddable":true,"href":"https:\/\/wp.ufpel.edu.br\/prae\/wp-json\/wp\/v2\/comments?post=16123"}],"version-history":[{"count":2,"href":"https:\/\/wp.ufpel.edu.br\/prae\/wp-json\/wp\/v2\/posts\/16123\/revisions"}],"predecessor-version":[{"id":16128,"href":"https:\/\/wp.ufpel.edu.br\/prae\/wp-json\/wp\/v2\/posts\/16123\/revisions\/16128"}],"wp:attachment":[{"href":"https:\/\/wp.ufpel.edu.br\/prae\/wp-json\/wp\/v2\/media?parent=16123"}],"wp:term":[{"taxonomy":"category","embeddable":true,"href":"https:\/\/wp.ufpel.edu.br\/prae\/wp-json\/wp\/v2\/categories?post=16123"},{"taxonomy":"post_tag","embeddable":true,"href":"https:\/\/wp.ufpel.edu.br\/prae\/wp-json\/wp\/v2\/tags?post=16123"}],"curies":[{"name":"wp","href":"https:\/\/api.w.org\/{rel}","templated":true}]}}