{"id":15747,"date":"2023-11-27T16:13:32","date_gmt":"2023-11-27T19:13:32","guid":{"rendered":"https:\/\/wp.ufpel.edu.br\/prae\/?p=15747"},"modified":"2023-11-27T16:13:32","modified_gmt":"2023-11-27T19:13:32","slug":"edital-de-auxilio-inclusao-digital-2023-2-resultado-final","status":"publish","type":"post","link":"https:\/\/wp.ufpel.edu.br\/prae\/2023\/11\/27\/edital-de-auxilio-inclusao-digital-2023-2-resultado-final\/","title":{"rendered":"Edital de Aux\u00edlio Inclus\u00e3o Digital 2023\/2 \u2013 Resultado Final"},"content":{"rendered":"<header class=\"entry-header\">\n<h1 class=\"entry-title\"><span style=\"font-size: 1rem\">A PRAE torna p\u00fablico o <\/span><strong style=\"font-size: 1rem\">Resultado Final <\/strong><span style=\"font-size: 1rem\">do\u00a0<\/span><strong style=\"font-size: 1rem\">Edital PRAE 6\/23 \u2013 Aux\u00edlio Inclus\u00e3o Digital<\/strong><span style=\"font-size: 1rem\">.<\/span><\/h1>\n<\/header>\n<div class=\"entry-content\">\n<div class=\"entry-content\"><\/div>\n<p>Bolsistas deferidos:\u00a0 <a href=\"https:\/\/wp.ufpel.edu.br\/prae\/files\/2023\/11\/SEI_23110.044587_2023_11_final.pdf\">Resultado Final<\/a><\/p>\n<p>Aux\u00edlio Bolsa Acesso Internet: os pagamentos das parcelas ser\u00e3o realizados at\u00e9 a primeira quinzena de cada m\u00eas previsto. N\u00e3o ser\u00e3o feitos pagamentos antecipados. O pagamento relativo a novembro ser\u00e1 realizado juntamente com o pagamento relativo a dezembro.<\/p>\n<\/div>\n","protected":false},"excerpt":{"rendered":"<p>A PRAE torna p\u00fablico o Resultado Final do\u00a0Edital PRAE 6\/23 \u2013 Aux\u00edlio Inclus\u00e3o Digital. Bolsistas deferidos:\u00a0 Resultado Final Aux\u00edlio Bolsa Acesso Internet: os pagamentos das parcelas ser\u00e3o realizados at\u00e9 a primeira quinzena de cada m\u00eas previsto. N\u00e3o ser\u00e3o feitos pagamentos antecipados. O pagamento relativo a novembro ser\u00e1 realizado juntamente com o pagamento relativo a dezembro.<\/p>\n","protected":false},"author":229,"featured_media":0,"comment_status":"closed","ping_status":"closed","sticky":false,"template":"","format":"standard","meta":{"footnotes":""},"categories":[76175,1],"tags":[],"class_list":["post-15747","post","type-post","status-publish","format-standard","hentry","category-editais-2","category-noticias"],"jetpack_featured_media_url":"","_links":{"self":[{"href":"https:\/\/wp.ufpel.edu.br\/prae\/wp-json\/wp\/v2\/posts\/15747","targetHints":{"allow":["GET"]}}],"collection":[{"href":"https:\/\/wp.ufpel.edu.br\/prae\/wp-json\/wp\/v2\/posts"}],"about":[{"href":"https:\/\/wp.ufpel.edu.br\/prae\/wp-json\/wp\/v2\/types\/post"}],"author":[{"embeddable":true,"href":"https:\/\/wp.ufpel.edu.br\/prae\/wp-json\/wp\/v2\/users\/229"}],"replies":[{"embeddable":true,"href":"https:\/\/wp.ufpel.edu.br\/prae\/wp-json\/wp\/v2\/comments?post=15747"}],"version-history":[{"count":1,"href":"https:\/\/wp.ufpel.edu.br\/prae\/wp-json\/wp\/v2\/posts\/15747\/revisions"}],"predecessor-version":[{"id":15750,"href":"https:\/\/wp.ufpel.edu.br\/prae\/wp-json\/wp\/v2\/posts\/15747\/revisions\/15750"}],"wp:attachment":[{"href":"https:\/\/wp.ufpel.edu.br\/prae\/wp-json\/wp\/v2\/media?parent=15747"}],"wp:term":[{"taxonomy":"category","embeddable":true,"href":"https:\/\/wp.ufpel.edu.br\/prae\/wp-json\/wp\/v2\/categories?post=15747"},{"taxonomy":"post_tag","embeddable":true,"href":"https:\/\/wp.ufpel.edu.br\/prae\/wp-json\/wp\/v2\/tags?post=15747"}],"curies":[{"name":"wp","href":"https:\/\/api.w.org\/{rel}","templated":true}]}}