{"id":15703,"date":"2023-11-10T14:07:24","date_gmt":"2023-11-10T17:07:24","guid":{"rendered":"https:\/\/wp.ufpel.edu.br\/prae\/?p=15703"},"modified":"2023-11-10T15:04:29","modified_gmt":"2023-11-10T18:04:29","slug":"alunos-que-nao-comprovaram-a-utilizacao-do-pam-em-2023-1","status":"publish","type":"post","link":"https:\/\/wp.ufpel.edu.br\/prae\/2023\/11\/10\/alunos-que-nao-comprovaram-a-utilizacao-do-pam-em-2023-1\/","title":{"rendered":"ESTUDANTES QUE N\u00c3O COMPROVARAM A UTILIZA\u00c7\u00c3O DO PAM EM 2023\/2"},"content":{"rendered":"<p style=\"text-align: justify\">A Coordena\u00e7\u00e3o de Ingresso e Benef\u00edcio &#8211; CIB\/PRAE torna p\u00fablica a listagem de estudantes que N\u00c3O REALIZARAM A COMPROVA\u00c7\u00c3O DE USO DO PROGRAMA:<\/p>\n<p><a href=\"https:\/\/wp.ufpel.edu.br\/prae\/files\/2023\/11\/ALUNOS-QUE-NAO-COMPROVARAM-A-UTILIZACAO-DO-RECURSO-DO-PAM-2023-2.xlsx\">Lista<\/a><\/p>\n<p>Com base no artigo 12 da Resolu\u00e7\u00e3o COCEPE 23\/21 (<a href=\"https:\/\/wp.ufpel.edu.br\/prae\/files\/2022\/02\/SEI_UFPel-1568187-Resolucao_PAM.pdf\" target=\"_blank\" rel=\"noopener\">link<\/a>), esses estudantes ter\u00e3o o benef\u00edcio SUSPENSO em raz\u00e3o da falta de comprova\u00e7\u00e3o da utiliza\u00e7\u00e3o do recurso.<\/p>\n<p><span style=\"background-color: #ffff00\"><strong>A suspens\u00e3o ocorrer\u00e1 a partir do m\u00eas de Novembro\/2023, cujo pagamento seria realizado no in\u00edcio de Dezembro\/2023.<\/strong><\/span><\/p>\n<p style=\"text-align: justify\"><span style=\"color: #ff6600\"><strong>Para evitar a suspens\u00e3o do pagamento, os estudantes listados poder\u00e3o fazer a comprova\u00e7\u00e3o, em car\u00e1ter excepcional, de hoje at\u00e9 \u00e0s 23:59:59h do dia 15\/11\/2023.<\/strong><\/span><\/p>\n<p style=\"text-align: justify\">A comprova\u00e7\u00e3o de uso deve ser realizada nos mesmos moldes\u00a0 da comprova\u00e7\u00e3o regular, conforme as instru\u00e7\u00f5es contidas no seguinte endere\u00e7o:<\/p>\n<p style=\"text-align: justify\"><a href=\"https:\/\/wp.ufpel.edu.br\/prae\/coordenadoria-de-beneficios-estudantis\/nucleo-de-gestao-de-programas\/comprovacao-programa-auxilio-moradia\/\" target=\"_blank\" rel=\"noopener\">REGRAMENTO DA COMPROVA\u00c7\u00c3O DO AUX\u00cdLIO MORADIA<\/a><\/p>\n<p style=\"text-align: justify\">N\u00e3o ser\u00e3o aceitas comprova\u00e7\u00f5es enviadas por e-mail ou qualquer outro meio.<\/p>\n<p>Obs: Caso algum discente tenha feito a comprova\u00e7\u00e3o dentro do per\u00edodo correto e conste nesta lista, basta enviar o e-mail\/protocolo recebido para ngp.prae.ufpel@gmail.com.<\/p>\n<p>&nbsp;<\/p>\n<p>N\u00facleo de Gest\u00e3o de Programas &#8211; NGP\/PRAE\/UFPEL<\/p>\n","protected":false},"excerpt":{"rendered":"<p>A Coordena\u00e7\u00e3o de Ingresso e Benef\u00edcio &#8211; CIB\/PRAE torna p\u00fablica a listagem de estudantes que N\u00c3O REALIZARAM A COMPROVA\u00c7\u00c3O DE USO DO PROGRAMA: Lista Com base no artigo 12 da Resolu\u00e7\u00e3o COCEPE 23\/21 (link), esses estudantes ter\u00e3o o benef\u00edcio SUSPENSO em raz\u00e3o da falta de comprova\u00e7\u00e3o da utiliza\u00e7\u00e3o do recurso. A suspens\u00e3o ocorrer\u00e1 a partir &hellip; <\/p>\n<p class=\"link-more\"><a href=\"https:\/\/wp.ufpel.edu.br\/prae\/2023\/11\/10\/alunos-que-nao-comprovaram-a-utilizacao-do-pam-em-2023-1\/\" class=\"more-link\">Continue lendo<span class=\"screen-reader-text\"> &#8220;ESTUDANTES QUE N\u00c3O COMPROVARAM A UTILIZA\u00c7\u00c3O DO PAM EM 2023\/2&#8221;<\/span><\/a><\/p>\n","protected":false},"author":229,"featured_media":0,"comment_status":"closed","ping_status":"closed","sticky":false,"template":"","format":"standard","meta":{"footnotes":""},"categories":[1],"tags":[],"class_list":["post-15703","post","type-post","status-publish","format-standard","hentry","category-noticias"],"jetpack_featured_media_url":"","_links":{"self":[{"href":"https:\/\/wp.ufpel.edu.br\/prae\/wp-json\/wp\/v2\/posts\/15703","targetHints":{"allow":["GET"]}}],"collection":[{"href":"https:\/\/wp.ufpel.edu.br\/prae\/wp-json\/wp\/v2\/posts"}],"about":[{"href":"https:\/\/wp.ufpel.edu.br\/prae\/wp-json\/wp\/v2\/types\/post"}],"author":[{"embeddable":true,"href":"https:\/\/wp.ufpel.edu.br\/prae\/wp-json\/wp\/v2\/users\/229"}],"replies":[{"embeddable":true,"href":"https:\/\/wp.ufpel.edu.br\/prae\/wp-json\/wp\/v2\/comments?post=15703"}],"version-history":[{"count":6,"href":"https:\/\/wp.ufpel.edu.br\/prae\/wp-json\/wp\/v2\/posts\/15703\/revisions"}],"predecessor-version":[{"id":15711,"href":"https:\/\/wp.ufpel.edu.br\/prae\/wp-json\/wp\/v2\/posts\/15703\/revisions\/15711"}],"wp:attachment":[{"href":"https:\/\/wp.ufpel.edu.br\/prae\/wp-json\/wp\/v2\/media?parent=15703"}],"wp:term":[{"taxonomy":"category","embeddable":true,"href":"https:\/\/wp.ufpel.edu.br\/prae\/wp-json\/wp\/v2\/categories?post=15703"},{"taxonomy":"post_tag","embeddable":true,"href":"https:\/\/wp.ufpel.edu.br\/prae\/wp-json\/wp\/v2\/tags?post=15703"}],"curies":[{"name":"wp","href":"https:\/\/api.w.org\/{rel}","templated":true}]}}