{"id":15694,"date":"2023-11-09T15:52:28","date_gmt":"2023-11-09T18:52:28","guid":{"rendered":"https:\/\/wp.ufpel.edu.br\/prae\/?p=15694"},"modified":"2023-11-09T16:04:29","modified_gmt":"2023-11-09T19:04:29","slug":"edital-bolsa-internet-2023-2-edital-prae-06-23","status":"publish","type":"post","link":"https:\/\/wp.ufpel.edu.br\/prae\/2023\/11\/09\/edital-bolsa-internet-2023-2-edital-prae-06-23\/","title":{"rendered":"Edital Bolsa Internet 2023\/2 &#8211; Edital PRAE 06\/23"},"content":{"rendered":"<p>Aten\u00e7\u00e3o bolsistas!<\/p>\n<p>A PRAE torna p\u00fablico o\u00a0<strong>Edital PRAE 6\/23 \u2013 Aux\u00edlio Inclus\u00e3o Digital &#8211; Bolsa Internet<\/strong>, com inscri\u00e7\u00f5es abertas entre os dias 9 e 16 de novembro de 2023 (at\u00e9 \u00e0s 18h).<\/p>\n<p>&nbsp;<\/p>\n<p>Crit\u00e9rios de sele\u00e7\u00e3o:<\/p>\n<ol>\n<li>Ser bolsista da PRAE em qualquer um dos programas de aux\u00edlio estudantil.<\/li>\n<li class=\"Item_Alinea_Letra\" dir=\"ltr\">Possuir o maior n\u00famero de cr\u00e9ditos (referente \u00e0s disciplinas) matriculados no semestre letivo 2023\/2.<\/li>\n<li class=\"Item_Alinea_Letra\" dir=\"ltr\">Possuir a menor renda per capita familiar registrada na an\u00e1lise socioecon\u00f4mica realizada pela PRAE.<\/li>\n<\/ol>\n<p>&nbsp;<\/p>\n<p>Pr\u00f3ximos passos:<\/p>\n<p>1- Ler com aten\u00e7\u00e3o o Edital PRAE 6\/23 \u2013 <a href=\"https:\/\/wp.ufpel.edu.br\/prae\/files\/2023\/11\/SEI_23110.044587_2023_11_Edital_6.pdf\" target=\"_blank\" rel=\"noopener\">Edital 06\/23 &#8211; Bolsa Internet<\/a><\/p>\n<p>2- Fazer a inscri\u00e7\u00e3o no Edital PRAE 6\/23 at\u00e9 \u00e0s 18h do dia 16\/11;<\/p>\n<p>3- Acompanhar no site da PRAE o resultado preliminar que ser\u00e1 divulgado no dia 17\/11\/23.<\/p>\n","protected":false},"excerpt":{"rendered":"<p>Aten\u00e7\u00e3o bolsistas! A PRAE torna p\u00fablico o\u00a0Edital PRAE 6\/23 \u2013 Aux\u00edlio Inclus\u00e3o Digital &#8211; Bolsa Internet, com inscri\u00e7\u00f5es abertas entre os dias 9 e 16 de novembro de 2023 (at\u00e9 \u00e0s 18h). &nbsp; Crit\u00e9rios de sele\u00e7\u00e3o: Ser bolsista da PRAE em qualquer um dos programas de aux\u00edlio estudantil. Possuir o maior n\u00famero de cr\u00e9ditos (referente &hellip; <\/p>\n<p class=\"link-more\"><a href=\"https:\/\/wp.ufpel.edu.br\/prae\/2023\/11\/09\/edital-bolsa-internet-2023-2-edital-prae-06-23\/\" class=\"more-link\">Continue lendo<span class=\"screen-reader-text\"> &#8220;Edital Bolsa Internet 2023\/2 &#8211; Edital PRAE 06\/23&#8221;<\/span><\/a><\/p>\n","protected":false},"author":229,"featured_media":0,"comment_status":"closed","ping_status":"closed","sticky":false,"template":"","format":"standard","meta":{"footnotes":""},"categories":[76175,1],"tags":[],"class_list":["post-15694","post","type-post","status-publish","format-standard","hentry","category-editais-2","category-noticias"],"jetpack_featured_media_url":"","_links":{"self":[{"href":"https:\/\/wp.ufpel.edu.br\/prae\/wp-json\/wp\/v2\/posts\/15694","targetHints":{"allow":["GET"]}}],"collection":[{"href":"https:\/\/wp.ufpel.edu.br\/prae\/wp-json\/wp\/v2\/posts"}],"about":[{"href":"https:\/\/wp.ufpel.edu.br\/prae\/wp-json\/wp\/v2\/types\/post"}],"author":[{"embeddable":true,"href":"https:\/\/wp.ufpel.edu.br\/prae\/wp-json\/wp\/v2\/users\/229"}],"replies":[{"embeddable":true,"href":"https:\/\/wp.ufpel.edu.br\/prae\/wp-json\/wp\/v2\/comments?post=15694"}],"version-history":[{"count":2,"href":"https:\/\/wp.ufpel.edu.br\/prae\/wp-json\/wp\/v2\/posts\/15694\/revisions"}],"predecessor-version":[{"id":15700,"href":"https:\/\/wp.ufpel.edu.br\/prae\/wp-json\/wp\/v2\/posts\/15694\/revisions\/15700"}],"wp:attachment":[{"href":"https:\/\/wp.ufpel.edu.br\/prae\/wp-json\/wp\/v2\/media?parent=15694"}],"wp:term":[{"taxonomy":"category","embeddable":true,"href":"https:\/\/wp.ufpel.edu.br\/prae\/wp-json\/wp\/v2\/categories?post=15694"},{"taxonomy":"post_tag","embeddable":true,"href":"https:\/\/wp.ufpel.edu.br\/prae\/wp-json\/wp\/v2\/tags?post=15694"}],"curies":[{"name":"wp","href":"https:\/\/api.w.org\/{rel}","templated":true}]}}