{"id":15690,"date":"2023-11-09T15:33:14","date_gmt":"2023-11-09T18:33:14","guid":{"rendered":"https:\/\/wp.ufpel.edu.br\/prae\/?p=15690"},"modified":"2023-11-09T16:28:04","modified_gmt":"2023-11-09T19:28:04","slug":"edital-auxilio-inclusao-digital-2023-2-resultado-final","status":"publish","type":"post","link":"https:\/\/wp.ufpel.edu.br\/prae\/2023\/11\/09\/edital-auxilio-inclusao-digital-2023-2-resultado-final\/","title":{"rendered":"Edital Aux\u00edlio Inclus\u00e3o Digital 2023\/2 &#8211; Resultado Final"},"content":{"rendered":"<header class=\"entry-header\">\n<p class=\"entry-title\">A PRAE torna p\u00fablico o\u00a0<strong>Resultado FINAL<\/strong>\u00a0do\u00a0<strong>Edital PRAE 5\/23 \u2013 Aux\u00edlio Inclus\u00e3o Digital<\/strong>.<\/p>\n<\/header>\n<div class=\"entry-content\">\n<p><span style=\"font-size: 1rem\">O resultado e instru\u00e7\u00f5es encontram-se no link:<\/span><\/p>\n<\/div>\n<p>Resultado Final: <a href=\"https:\/\/wp.ufpel.edu.br\/prae\/files\/2023\/11\/SEI_23110.041339_2023_19_final-1.pdf\" target=\"_blank\" rel=\"noopener\">Resultado Final<\/a><\/p>\n<p>Aux\u00edlio Equipamento: o pagamento da parcela \u00fanica ser\u00e1 realizado at\u00e9 a primeira quinzena de novembro. N\u00e3o ser\u00e3o feitos pagamentos antecipados.<\/p>\n<p>Aux\u00edlio Bolsa Acesso Internet: os pagamentos das parcelas ser\u00e3o realizados at\u00e9 a primeira quinzena de cada m\u00eas previsto. N\u00e3o ser\u00e3o feitos pagamentos antecipados.<\/p>\n<p>Todos os(as) deferidos(as) receber\u00e3o a modalidade solicitada. Na modalidade Bolsa Aux\u00edlio Equipamentos, foram acrescidas mais bolsas do que o previsto no inicialmente.<\/p>\n","protected":false},"excerpt":{"rendered":"<p>A PRAE torna p\u00fablico o\u00a0Resultado FINAL\u00a0do\u00a0Edital PRAE 5\/23 \u2013 Aux\u00edlio Inclus\u00e3o Digital. O resultado e instru\u00e7\u00f5es encontram-se no link: Resultado Final: Resultado Final Aux\u00edlio Equipamento: o pagamento da parcela \u00fanica ser\u00e1 realizado at\u00e9 a primeira quinzena de novembro. N\u00e3o ser\u00e3o feitos pagamentos antecipados. Aux\u00edlio Bolsa Acesso Internet: os pagamentos das parcelas ser\u00e3o realizados at\u00e9 a &hellip; <\/p>\n<p class=\"link-more\"><a href=\"https:\/\/wp.ufpel.edu.br\/prae\/2023\/11\/09\/edital-auxilio-inclusao-digital-2023-2-resultado-final\/\" class=\"more-link\">Continue lendo<span class=\"screen-reader-text\"> &#8220;Edital Aux\u00edlio Inclus\u00e3o Digital 2023\/2 &#8211; Resultado Final&#8221;<\/span><\/a><\/p>\n","protected":false},"author":229,"featured_media":0,"comment_status":"closed","ping_status":"closed","sticky":false,"template":"","format":"standard","meta":{"footnotes":""},"categories":[76175],"tags":[],"class_list":["post-15690","post","type-post","status-publish","format-standard","hentry","category-editais-2"],"jetpack_featured_media_url":"","_links":{"self":[{"href":"https:\/\/wp.ufpel.edu.br\/prae\/wp-json\/wp\/v2\/posts\/15690","targetHints":{"allow":["GET"]}}],"collection":[{"href":"https:\/\/wp.ufpel.edu.br\/prae\/wp-json\/wp\/v2\/posts"}],"about":[{"href":"https:\/\/wp.ufpel.edu.br\/prae\/wp-json\/wp\/v2\/types\/post"}],"author":[{"embeddable":true,"href":"https:\/\/wp.ufpel.edu.br\/prae\/wp-json\/wp\/v2\/users\/229"}],"replies":[{"embeddable":true,"href":"https:\/\/wp.ufpel.edu.br\/prae\/wp-json\/wp\/v2\/comments?post=15690"}],"version-history":[{"count":2,"href":"https:\/\/wp.ufpel.edu.br\/prae\/wp-json\/wp\/v2\/posts\/15690\/revisions"}],"predecessor-version":[{"id":15702,"href":"https:\/\/wp.ufpel.edu.br\/prae\/wp-json\/wp\/v2\/posts\/15690\/revisions\/15702"}],"wp:attachment":[{"href":"https:\/\/wp.ufpel.edu.br\/prae\/wp-json\/wp\/v2\/media?parent=15690"}],"wp:term":[{"taxonomy":"category","embeddable":true,"href":"https:\/\/wp.ufpel.edu.br\/prae\/wp-json\/wp\/v2\/categories?post=15690"},{"taxonomy":"post_tag","embeddable":true,"href":"https:\/\/wp.ufpel.edu.br\/prae\/wp-json\/wp\/v2\/tags?post=15690"}],"curies":[{"name":"wp","href":"https:\/\/api.w.org\/{rel}","templated":true}]}}