{"id":15684,"date":"2023-11-06T10:57:12","date_gmt":"2023-11-06T13:57:12","guid":{"rendered":"https:\/\/wp.ufpel.edu.br\/prae\/?p=15684"},"modified":"2023-11-06T10:57:24","modified_gmt":"2023-11-06T13:57:24","slug":"ru-campus-capao-do-leao-tera-horario-diferenciado-durante-a-realizacao-do-siiepe","status":"publish","type":"post","link":"https:\/\/wp.ufpel.edu.br\/prae\/2023\/11\/06\/ru-campus-capao-do-leao-tera-horario-diferenciado-durante-a-realizacao-do-siiepe\/","title":{"rendered":"RU Campus Cap\u00e3o do Le\u00e3o ter\u00e1 hor\u00e1rio diferenciado durante a realiza\u00e7\u00e3o do SIIEPE"},"content":{"rendered":"<p style=\"text-align: justify\">A Pr\u00f3-Reitoria de Assuntos Estudantis (PRAE) informa que a unidade do Restaurante Universit\u00e1rio (RU) do Campus Cap\u00e3o do Le\u00e3o sofrer\u00e1 altera\u00e7\u00e3o em seu hor\u00e1rio de funcionamento nos dias de realiza\u00e7\u00e3o da 9\u00aa Semana Integrada de Inova\u00e7\u00e3o, Ensino, Pesquisa e Extens\u00e3o (SIIEPE) da UFPel. As mudan\u00e7as ocorrer\u00e3o a partir do dia 20 at\u00e9 o dia 24 de novembro.<\/p>\n<p style=\"text-align: justify\"><strong>RU Campus Cap\u00e3o do Le\u00e3o:<\/strong><\/p>\n<ul style=\"text-align: justify\">\n<li><strong>Almo\u00e7o: <\/strong>11h30min \u2013 13h<\/li>\n<\/ul>\n<p style=\"text-align: justify\">A redu\u00e7\u00e3o de hor\u00e1rio deve-se \u00e0 diminui\u00e7\u00e3o do n\u00famero de comensais na unidade durante este per\u00edodo, bem como ao tempo em que o alimento fica \u00e0 disposi\u00e7\u00e3o nos<em> buffets.<\/em><\/p>\n<p style=\"text-align: justify\">As unidades do Centro e Campus Anglo manter\u00e3o o hor\u00e1rio de atendimento normal durante este per\u00edodo.<\/p>\n","protected":false},"excerpt":{"rendered":"<p>A Pr\u00f3-Reitoria de Assuntos Estudantis (PRAE) informa que a unidade do Restaurante Universit\u00e1rio (RU) do Campus Cap\u00e3o do Le\u00e3o sofrer\u00e1 altera\u00e7\u00e3o em seu hor\u00e1rio de funcionamento nos dias de realiza\u00e7\u00e3o da 9\u00aa Semana Integrada de Inova\u00e7\u00e3o, Ensino, Pesquisa e Extens\u00e3o (SIIEPE) da UFPel. As mudan\u00e7as ocorrer\u00e3o a partir do dia 20 at\u00e9 o dia 24 &hellip; <\/p>\n<p class=\"link-more\"><a href=\"https:\/\/wp.ufpel.edu.br\/prae\/2023\/11\/06\/ru-campus-capao-do-leao-tera-horario-diferenciado-durante-a-realizacao-do-siiepe\/\" class=\"more-link\">Continue lendo<span class=\"screen-reader-text\"> &#8220;RU Campus Cap\u00e3o do Le\u00e3o ter\u00e1 hor\u00e1rio diferenciado durante a realiza\u00e7\u00e3o do SIIEPE&#8221;<\/span><\/a><\/p>\n","protected":false},"author":229,"featured_media":0,"comment_status":"closed","ping_status":"closed","sticky":false,"template":"","format":"standard","meta":{"footnotes":""},"categories":[1,38889],"tags":[],"class_list":["post-15684","post","type-post","status-publish","format-standard","hentry","category-noticias","category-restaurante-universitario"],"jetpack_featured_media_url":"","_links":{"self":[{"href":"https:\/\/wp.ufpel.edu.br\/prae\/wp-json\/wp\/v2\/posts\/15684","targetHints":{"allow":["GET"]}}],"collection":[{"href":"https:\/\/wp.ufpel.edu.br\/prae\/wp-json\/wp\/v2\/posts"}],"about":[{"href":"https:\/\/wp.ufpel.edu.br\/prae\/wp-json\/wp\/v2\/types\/post"}],"author":[{"embeddable":true,"href":"https:\/\/wp.ufpel.edu.br\/prae\/wp-json\/wp\/v2\/users\/229"}],"replies":[{"embeddable":true,"href":"https:\/\/wp.ufpel.edu.br\/prae\/wp-json\/wp\/v2\/comments?post=15684"}],"version-history":[{"count":1,"href":"https:\/\/wp.ufpel.edu.br\/prae\/wp-json\/wp\/v2\/posts\/15684\/revisions"}],"predecessor-version":[{"id":15686,"href":"https:\/\/wp.ufpel.edu.br\/prae\/wp-json\/wp\/v2\/posts\/15684\/revisions\/15686"}],"wp:attachment":[{"href":"https:\/\/wp.ufpel.edu.br\/prae\/wp-json\/wp\/v2\/media?parent=15684"}],"wp:term":[{"taxonomy":"category","embeddable":true,"href":"https:\/\/wp.ufpel.edu.br\/prae\/wp-json\/wp\/v2\/categories?post=15684"},{"taxonomy":"post_tag","embeddable":true,"href":"https:\/\/wp.ufpel.edu.br\/prae\/wp-json\/wp\/v2\/tags?post=15684"}],"curies":[{"name":"wp","href":"https:\/\/api.w.org\/{rel}","templated":true}]}}