{"id":15652,"date":"2023-10-31T17:51:56","date_gmt":"2023-10-31T20:51:56","guid":{"rendered":"https:\/\/wp.ufpel.edu.br\/prae\/?p=15652"},"modified":"2023-11-09T16:04:14","modified_gmt":"2023-11-09T19:04:14","slug":"edital-de-auxilio-inclusao-digital-2023-2-resultado-preliminar","status":"publish","type":"post","link":"https:\/\/wp.ufpel.edu.br\/prae\/2023\/10\/31\/edital-de-auxilio-inclusao-digital-2023-2-resultado-preliminar\/","title":{"rendered":"Edital de Aux\u00edlio Inclus\u00e3o Digital 2023\/2 \u2013 Resultado Preliminar RETIFICADO"},"content":{"rendered":"<header class=\"entry-header\">\n<p class=\"entry-title\">A PRAE torna p\u00fablico o <strong>Resultado Preliminar RETIFICADO<\/strong> do <strong>Edital PRAE 5\/23 \u2013 Aux\u00edlio Inclus\u00e3o Digital<\/strong>.<\/p>\n<\/header>\n<div class=\"entry-content\">\n<p><span style=\"color: #ff0000\"><b>A retifica\u00e7\u00e3o do presente resultado aconteceu \u00e0 pedido da Coordena\u00e7\u00e3o de Pol\u00edticas Estudantis (CPE). Foram j\u00e1 considerados recursos interpostos no interst\u00edcio. Desta forma, o presente resultado difere do anteriormente divulgado. Solicita-se aos interessados nova confer\u00eancia do mesmo.<\/b><\/span><\/p>\n<p>O prazo para interposi\u00e7\u00e3o de recurso para candidatos(as) indeferidos(as) permanece inalterado, iniciado\u00a0 no dia <span style=\"color: #ff0000\"><strong>1\u00ba de novembro e terminando no dia 6 de novembro de 2023<\/strong><\/span>.<\/p>\n<\/div>\n<p>O resultado e instru\u00e7\u00f5es encontram-se no link:<\/p>\n<p>Bolsistas deferidos: <a href=\"https:\/\/wp.ufpel.edu.br\/prae\/files\/2023\/10\/Edital-PRAE-05_23-Auxilio-Inclusao-Digital-Preliminar-1.pdf\">Edital PRAE 05_23 &#8211; Aux\u00edlio Inclus\u00e3o Digital &#8211; Preliminar<\/a><\/p>\n<p>Aux\u00edlio Equipamento: o pagamento da parcela \u00fanica ser\u00e1 realizado at\u00e9 a primeira quinzena de novembro. N\u00e3o ser\u00e3o feitos pagamentos antecipados.<\/p>\n<p>Aux\u00edlio Bolsa Acesso Internet: os pagamentos das parcelas ser\u00e3o realizados at\u00e9 a primeira quinzena de cada m\u00eas previsto. N\u00e3o ser\u00e3o feitos pagamentos antecipados.<\/p>\n<p>Todos os(as) deferidos(as) receber\u00e3o a modalidade solicitada. Na modalidade Bolsa Aux\u00edlio Equipamentos, foram acrescidas mais bolsas do que o previsto no inicialmente.<\/p>\n","protected":false},"excerpt":{"rendered":"<p>A PRAE torna p\u00fablico o Resultado Preliminar RETIFICADO do Edital PRAE 5\/23 \u2013 Aux\u00edlio Inclus\u00e3o Digital. A retifica\u00e7\u00e3o do presente resultado aconteceu \u00e0 pedido da Coordena\u00e7\u00e3o de Pol\u00edticas Estudantis (CPE). Foram j\u00e1 considerados recursos interpostos no interst\u00edcio. Desta forma, o presente resultado difere do anteriormente divulgado. Solicita-se aos interessados nova confer\u00eancia do mesmo. O prazo &hellip; <\/p>\n<p class=\"link-more\"><a href=\"https:\/\/wp.ufpel.edu.br\/prae\/2023\/10\/31\/edital-de-auxilio-inclusao-digital-2023-2-resultado-preliminar\/\" class=\"more-link\">Continue lendo<span class=\"screen-reader-text\"> &#8220;Edital de Aux\u00edlio Inclus\u00e3o Digital 2023\/2 \u2013 Resultado Preliminar RETIFICADO&#8221;<\/span><\/a><\/p>\n","protected":false},"author":229,"featured_media":0,"comment_status":"closed","ping_status":"closed","sticky":false,"template":"","format":"standard","meta":{"footnotes":""},"categories":[76175,1],"tags":[],"class_list":["post-15652","post","type-post","status-publish","format-standard","hentry","category-editais-2","category-noticias"],"jetpack_featured_media_url":"","_links":{"self":[{"href":"https:\/\/wp.ufpel.edu.br\/prae\/wp-json\/wp\/v2\/posts\/15652","targetHints":{"allow":["GET"]}}],"collection":[{"href":"https:\/\/wp.ufpel.edu.br\/prae\/wp-json\/wp\/v2\/posts"}],"about":[{"href":"https:\/\/wp.ufpel.edu.br\/prae\/wp-json\/wp\/v2\/types\/post"}],"author":[{"embeddable":true,"href":"https:\/\/wp.ufpel.edu.br\/prae\/wp-json\/wp\/v2\/users\/229"}],"replies":[{"embeddable":true,"href":"https:\/\/wp.ufpel.edu.br\/prae\/wp-json\/wp\/v2\/comments?post=15652"}],"version-history":[{"count":5,"href":"https:\/\/wp.ufpel.edu.br\/prae\/wp-json\/wp\/v2\/posts\/15652\/revisions"}],"predecessor-version":[{"id":15679,"href":"https:\/\/wp.ufpel.edu.br\/prae\/wp-json\/wp\/v2\/posts\/15652\/revisions\/15679"}],"wp:attachment":[{"href":"https:\/\/wp.ufpel.edu.br\/prae\/wp-json\/wp\/v2\/media?parent=15652"}],"wp:term":[{"taxonomy":"category","embeddable":true,"href":"https:\/\/wp.ufpel.edu.br\/prae\/wp-json\/wp\/v2\/categories?post=15652"},{"taxonomy":"post_tag","embeddable":true,"href":"https:\/\/wp.ufpel.edu.br\/prae\/wp-json\/wp\/v2\/tags?post=15652"}],"curies":[{"name":"wp","href":"https:\/\/api.w.org\/{rel}","templated":true}]}}