{"id":15577,"date":"2023-10-23T15:13:40","date_gmt":"2023-10-23T18:13:40","guid":{"rendered":"https:\/\/wp.ufpel.edu.br\/prae\/?p=15577"},"modified":"2023-10-23T15:16:54","modified_gmt":"2023-10-23T18:16:54","slug":"ata-de-confirmacao-do-auxilio-transporte-e-atualizacao-da-quantidade-de-creditos-2","status":"publish","type":"post","link":"https:\/\/wp.ufpel.edu.br\/prae\/2023\/10\/23\/ata-de-confirmacao-do-auxilio-transporte-e-atualizacao-da-quantidade-de-creditos-2\/","title":{"rendered":"ATA DE CONFIRMA\u00c7\u00c3O DO AUX\u00cdLIO TRANSPORTE E ATUALIZA\u00c7\u00c3O DA QUANTIDADE DE CR\u00c9DITOS"},"content":{"rendered":"<p style=\"text-align: justify\"><span style=\"background-color: #ffff00\"><strong>AUX\u00cdLIO-TRANSPORTE: ATA DE CONFIRMA\u00c7\u00c3O<\/strong><\/span><\/p>\n<p style=\"text-align: justify\">Todos os alunos que recebem o aux\u00edlio transporte (<strong>urbano<\/strong>) dever\u00e3o preencher a ata de confirma\u00e7\u00e3o 2023\/2 at\u00e9 o dia 17\/11\/2023, atrav\u00e9s do link:<\/p>\n<p style=\"text-align: justify\"><a href=\"https:\/\/forms.gle\/1KqVbYzRCoyGDrVG8\">https:\/\/forms.gle\/1KqVbYzRCoyGDrVG8<\/a><\/p>\n<p style=\"text-align: justify\">Ao finalizar o preenchimento e enviar o formul\u00e1rio, uma c\u00f3pia ser\u00e1 enviada ao e-mail cadastrado. Guarde esse e-mail, pois ele \u00e9 o comprovante do preenchimento da Ata.<\/p>\n<p style=\"text-align: justify\"><span style=\"background-color: #ffff00\">ATEN\u00c7\u00c3O<\/span>: Preencha com cuidado os campos de Nome e CPF no formul\u00e1rio, pois eles ser\u00e3o usados no filtro de confer\u00eancia. N\u00e3o nos responsabilizamos por preenchimentos errados nesses campos.<\/p>\n<p style=\"text-align: justify\">Em caso de d\u00favidas, entre em contato pelo e-mail ngp.prae.ufpel@gmail.com informando no assunto do email \u201cAUX\u00cdLIO TRANSPORTE\u201d e no corpo do e-mail informar nome completo e n\u00famero de matr\u00edcula juntamente com a d\u00favida.<\/p>\n<p style=\"text-align: justify\">Ser\u00e3o desconsiderados os formul\u00e1rios preenchidos por alunos que n\u00e3o est\u00e3o com o aux\u00edlio ativo, ou que tenham sido desligados por outros motivos. Confira a lista de matr\u00edculas ativas no PAT no arquivo abaixo.<\/p>\n<p style=\"text-align: justify\">Essa ata se refere apenas ao aux\u00edlio transporte urbano de Pelotas (cart\u00e3o PRATI)! Para o passe-livre (PelotasxCap\u00e3o, PelotasxRio Grande) seguir as orienta\u00e7\u00f5es do <span style=\"background-color: #ffff00\"><a style=\"background-color: #ffff00\" href=\"https:\/\/wp.ufpel.edu.br\/prae\/coordenacao_de_ingresso_e_beneficios\/passe-livre\/\">link<\/a><\/span>. Para o aux\u00edlio deslocamento (intermunicipal) a not\u00edcia ser\u00e1 publicada em breve no site da PRAE.<\/p>\n<p><strong><a href=\"https:\/\/wp.ufpel.edu.br\/prae\/files\/2023\/10\/MATRICULAS-ATIVAS-PAT.pdf\">MATRICULAS ATIVAS PAT<\/a><\/strong><\/p>\n<p style=\"text-align: justify\"><span style=\"background-color: #ffff00\"><strong>ATUALIZA\u00c7\u00c3O DA QUANTIDADE DE CR\u00c9DITOS (TRANSPORTE URBANO)<\/strong><\/span><\/p>\n<p style=\"text-align: justify\">Aux\u00edlio Transporte Urbano: Alunos que tiverem aulas em mais de um turno ou que n\u00e3o conseguirem utilizar o sistema integrado de passagens para suprir sua necessidade de cr\u00e9ditos, dever\u00e3o solicitar a adequa\u00e7\u00e3o das quantidades preenchendo o formul\u00e1rio dispon\u00edvel em:<\/p>\n<p style=\"text-align: justify\"><a href=\"https:\/\/forms.gle\/KnPZ7GSKEbMHx13z7\">https:\/\/forms.gle\/KnPZ7GSKEbMHx13z7<\/a><\/p>\n<p style=\"text-align: justify\">O prazo para altera\u00e7\u00e3o na quantidade para a recarga de <span style=\"background-color: #ffff00\">DEZEMBRO<\/span> \u00e9\u00a0<strong>at\u00e9 17\/11\/2023<\/strong>; o formul\u00e1rio seguir\u00e1 aberto, mas os preenchimentos ap\u00f3s essa data ser\u00e3o considerados para a recarga de Janeiro, devido ao tempo necess\u00e1rio para a elabora\u00e7\u00e3o do pedido de cr\u00e9ditos.<\/p>\n<p style=\"text-align: justify\">Em caso das atividades n\u00e3o constarem na grade de hor\u00e1rios, dever\u00e1 ser anexado ao formul\u00e1rio um atestado do colegiado do curso informando os dias e hor\u00e1rios da realiza\u00e7\u00e3o das mesmas. Esse atestado dever\u00e1 ser,\u00a0<span style=\"background-color: #ffff00\"><strong>obrigatoriamente<\/strong><\/span>, emitido via SEI. (N\u00e3o ser\u00e3o aceitas assinaturas digitais pela plataforma Gov.br no momento).<\/p>\n<p style=\"text-align: justify\">N\u00e3o s\u00e3o v\u00e1lidos atestados entregues anteriormente.<\/p>\n<p style=\"text-align: justify\">Em caso de d\u00favidas, entre em contato pelo e-mail ngp.prae.ufpel@gmail.com informando no assunto do email \u201cAUX\u00cdLIO TRANSPORTE\u201d e no corpo do e-mail informar nome completo e n\u00famero de matr\u00edcula juntamente com a d\u00favida.<\/p>\n<p style=\"text-align: justify\"><strong><a href=\"https:\/\/wp.ufpel.edu.br\/prae\/files\/2023\/10\/MATRICULAS-ATIVAS-PAT.pdf\">MATRICULAS ATIVAS PAT<\/a><\/strong><\/p>\n","protected":false},"excerpt":{"rendered":"<p>AUX\u00cdLIO-TRANSPORTE: ATA DE CONFIRMA\u00c7\u00c3O Todos os alunos que recebem o aux\u00edlio transporte (urbano) dever\u00e3o preencher a ata de confirma\u00e7\u00e3o 2023\/2 at\u00e9 o dia 17\/11\/2023, atrav\u00e9s do link: https:\/\/forms.gle\/1KqVbYzRCoyGDrVG8 Ao finalizar o preenchimento e enviar o formul\u00e1rio, uma c\u00f3pia ser\u00e1 enviada ao e-mail cadastrado. Guarde esse e-mail, pois ele \u00e9 o comprovante do preenchimento da Ata. &hellip; <\/p>\n<p class=\"link-more\"><a href=\"https:\/\/wp.ufpel.edu.br\/prae\/2023\/10\/23\/ata-de-confirmacao-do-auxilio-transporte-e-atualizacao-da-quantidade-de-creditos-2\/\" class=\"more-link\">Continue lendo<span class=\"screen-reader-text\"> &#8220;ATA DE CONFIRMA\u00c7\u00c3O DO AUX\u00cdLIO TRANSPORTE E ATUALIZA\u00c7\u00c3O DA QUANTIDADE DE CR\u00c9DITOS&#8221;<\/span><\/a><\/p>\n","protected":false},"author":229,"featured_media":0,"comment_status":"closed","ping_status":"closed","sticky":false,"template":"","format":"standard","meta":{"footnotes":""},"categories":[1],"tags":[],"class_list":["post-15577","post","type-post","status-publish","format-standard","hentry","category-noticias"],"jetpack_featured_media_url":"","_links":{"self":[{"href":"https:\/\/wp.ufpel.edu.br\/prae\/wp-json\/wp\/v2\/posts\/15577","targetHints":{"allow":["GET"]}}],"collection":[{"href":"https:\/\/wp.ufpel.edu.br\/prae\/wp-json\/wp\/v2\/posts"}],"about":[{"href":"https:\/\/wp.ufpel.edu.br\/prae\/wp-json\/wp\/v2\/types\/post"}],"author":[{"embeddable":true,"href":"https:\/\/wp.ufpel.edu.br\/prae\/wp-json\/wp\/v2\/users\/229"}],"replies":[{"embeddable":true,"href":"https:\/\/wp.ufpel.edu.br\/prae\/wp-json\/wp\/v2\/comments?post=15577"}],"version-history":[{"count":4,"href":"https:\/\/wp.ufpel.edu.br\/prae\/wp-json\/wp\/v2\/posts\/15577\/revisions"}],"predecessor-version":[{"id":15583,"href":"https:\/\/wp.ufpel.edu.br\/prae\/wp-json\/wp\/v2\/posts\/15577\/revisions\/15583"}],"wp:attachment":[{"href":"https:\/\/wp.ufpel.edu.br\/prae\/wp-json\/wp\/v2\/media?parent=15577"}],"wp:term":[{"taxonomy":"category","embeddable":true,"href":"https:\/\/wp.ufpel.edu.br\/prae\/wp-json\/wp\/v2\/categories?post=15577"},{"taxonomy":"post_tag","embeddable":true,"href":"https:\/\/wp.ufpel.edu.br\/prae\/wp-json\/wp\/v2\/tags?post=15577"}],"curies":[{"name":"wp","href":"https:\/\/api.w.org\/{rel}","templated":true}]}}