{"id":15474,"date":"2023-10-17T17:03:44","date_gmt":"2023-10-17T20:03:44","guid":{"rendered":"https:\/\/wp.ufpel.edu.br\/prae\/?p=15474"},"modified":"2023-10-31T17:52:27","modified_gmt":"2023-10-31T20:52:27","slug":"edital-de-auxilio-inclusao-digital-2023-2-inscricoes-abertas","status":"publish","type":"post","link":"https:\/\/wp.ufpel.edu.br\/prae\/2023\/10\/17\/edital-de-auxilio-inclusao-digital-2023-2-inscricoes-abertas\/","title":{"rendered":"Edital de Aux\u00edlio Inclus\u00e3o Digital 2023\/2 &#8211; Inscri\u00e7\u00f5es Abertas!"},"content":{"rendered":"<p>Aten\u00e7\u00e3o bolsistas!<\/p>\n<p>A PRAE torna p\u00fablico o\u00a0<strong>Edital PRAE 5\/23 \u2013 Aux\u00edlio Inclus\u00e3o Digital<\/strong>, com inscri\u00e7\u00f5es abertas entre os dias 18 e 27 de outubro de 2023 (at\u00e9 \u00e0s 18h).<\/p>\n<p>&nbsp;<\/p>\n<p>Crit\u00e9rios de sele\u00e7\u00e3o:<\/p>\n<ol>\n<li>Ser bolsista da PRAE em qualquer um dos programas de aux\u00edlio estudantil.<\/li>\n<li class=\"Item_Alinea_Letra\" dir=\"ltr\">Possuir o maior n\u00famero de cr\u00e9ditos (referente \u00e0s disciplinas) matriculados no semestre letivo 2023\/2.<\/li>\n<li class=\"Item_Alinea_Letra\" dir=\"ltr\">Possuir a menor renda per capita familiar registrada na an\u00e1lise socioecon\u00f4mica realizada pela PRAE.<\/li>\n<\/ol>\n<p>&nbsp;<\/p>\n<p>Pr\u00f3ximos passos:<\/p>\n<p>1- Ler com aten\u00e7\u00e3o o Edital PRAE 5\/23 &#8211; <a href=\"https:\/\/wp.ufpel.edu.br\/prae\/files\/2023\/10\/SEI_23110.041339_2023_19_Edital_5_23_Auxilio_Inclusao_Digital.pdf\">Edital_5_23_Auxilio_Inclusao_Digital<\/a><\/p>\n<p>2- Fazer a inscri\u00e7\u00e3o no Edital PRAE 5\/23 at\u00e9 \u00e0s 18h do dia 27\/10;<\/p>\n<p>3- Acompanhar no site da PRAE o resultado preliminar do Edital PRAE 5\/23.<\/p>\n<p>&nbsp;<\/p>\n<p>RESULTADO PRELIMINAR: https:\/\/wp.ufpel.edu.br\/prae\/2023\/10\/31\/edital-de-auxilio-inclusao-digital-2023-2-resultado-preliminar\/<\/p>\n","protected":false},"excerpt":{"rendered":"<p>Aten\u00e7\u00e3o bolsistas! A PRAE torna p\u00fablico o\u00a0Edital PRAE 5\/23 \u2013 Aux\u00edlio Inclus\u00e3o Digital, com inscri\u00e7\u00f5es abertas entre os dias 18 e 27 de outubro de 2023 (at\u00e9 \u00e0s 18h). &nbsp; Crit\u00e9rios de sele\u00e7\u00e3o: Ser bolsista da PRAE em qualquer um dos programas de aux\u00edlio estudantil. Possuir o maior n\u00famero de cr\u00e9ditos (referente \u00e0s disciplinas) matriculados &hellip; <\/p>\n<p class=\"link-more\"><a href=\"https:\/\/wp.ufpel.edu.br\/prae\/2023\/10\/17\/edital-de-auxilio-inclusao-digital-2023-2-inscricoes-abertas\/\" class=\"more-link\">Continue lendo<span class=\"screen-reader-text\"> &#8220;Edital de Aux\u00edlio Inclus\u00e3o Digital 2023\/2 &#8211; Inscri\u00e7\u00f5es Abertas!&#8221;<\/span><\/a><\/p>\n","protected":false},"author":229,"featured_media":0,"comment_status":"closed","ping_status":"closed","sticky":false,"template":"","format":"standard","meta":{"footnotes":""},"categories":[76175,76153],"tags":[],"class_list":["post-15474","post","type-post","status-publish","format-standard","hentry","category-editais-2","category-manchete"],"jetpack_featured_media_url":"","_links":{"self":[{"href":"https:\/\/wp.ufpel.edu.br\/prae\/wp-json\/wp\/v2\/posts\/15474","targetHints":{"allow":["GET"]}}],"collection":[{"href":"https:\/\/wp.ufpel.edu.br\/prae\/wp-json\/wp\/v2\/posts"}],"about":[{"href":"https:\/\/wp.ufpel.edu.br\/prae\/wp-json\/wp\/v2\/types\/post"}],"author":[{"embeddable":true,"href":"https:\/\/wp.ufpel.edu.br\/prae\/wp-json\/wp\/v2\/users\/229"}],"replies":[{"embeddable":true,"href":"https:\/\/wp.ufpel.edu.br\/prae\/wp-json\/wp\/v2\/comments?post=15474"}],"version-history":[{"count":3,"href":"https:\/\/wp.ufpel.edu.br\/prae\/wp-json\/wp\/v2\/posts\/15474\/revisions"}],"predecessor-version":[{"id":15656,"href":"https:\/\/wp.ufpel.edu.br\/prae\/wp-json\/wp\/v2\/posts\/15474\/revisions\/15656"}],"wp:attachment":[{"href":"https:\/\/wp.ufpel.edu.br\/prae\/wp-json\/wp\/v2\/media?parent=15474"}],"wp:term":[{"taxonomy":"category","embeddable":true,"href":"https:\/\/wp.ufpel.edu.br\/prae\/wp-json\/wp\/v2\/categories?post=15474"},{"taxonomy":"post_tag","embeddable":true,"href":"https:\/\/wp.ufpel.edu.br\/prae\/wp-json\/wp\/v2\/tags?post=15474"}],"curies":[{"name":"wp","href":"https:\/\/api.w.org\/{rel}","templated":true}]}}