{"id":15459,"date":"2023-10-10T16:35:06","date_gmt":"2023-10-10T19:35:06","guid":{"rendered":"https:\/\/wp.ufpel.edu.br\/prae\/?p=15459"},"modified":"2023-10-10T16:35:06","modified_gmt":"2023-10-10T19:35:06","slug":"funcionamento-dos-rus-nos-dias-12-e-13-de-outubro","status":"publish","type":"post","link":"https:\/\/wp.ufpel.edu.br\/prae\/2023\/10\/10\/funcionamento-dos-rus-nos-dias-12-e-13-de-outubro\/","title":{"rendered":"Funcionamento dos RUs nos dias 12 e 13 de outubro"},"content":{"rendered":"<p>A Pr\u00f3-Reitoria de Assuntos Estudantis (PRAE) informa sobre o funcionamento dos Restaurantes Universit\u00e1rios (RUs) para o feriado e o ponto facultativo nos dias 12 e 13 de outubro.<\/p>\n<p><strong>\u00a0<\/strong><\/p>\n<p>As unidades do Campus Anglo e Campus Cap\u00e3o do Le\u00e3o n\u00e3o funcionar\u00e3o, sendo mantido o funcionamento do <strong><u>RU Unidade Centro (Rua F\u00e9lix da Cunha, 710)<\/u><\/strong>, nos seguintes hor\u00e1rios:<\/p>\n<p><strong><u>\u00a0<\/u><\/strong><\/p>\n<ul>\n<li><strong>Desjejum (somente bolsistas): <\/strong>8h30min \u2013 9h30min<\/li>\n<li><strong>Almo\u00e7o: <\/strong>11h30min \u2013 13h<\/li>\n<li><strong>Jantar: <\/strong>18h \u2013 19h30min<\/li>\n<\/ul>\n","protected":false},"excerpt":{"rendered":"<p>A Pr\u00f3-Reitoria de Assuntos Estudantis (PRAE) informa sobre o funcionamento dos Restaurantes Universit\u00e1rios (RUs) para o feriado e o ponto facultativo nos dias 12 e 13 de outubro. \u00a0 As unidades do Campus Anglo e Campus Cap\u00e3o do Le\u00e3o n\u00e3o funcionar\u00e3o, sendo mantido o funcionamento do RU Unidade Centro (Rua F\u00e9lix da Cunha, 710), nos &hellip; <\/p>\n<p class=\"link-more\"><a href=\"https:\/\/wp.ufpel.edu.br\/prae\/2023\/10\/10\/funcionamento-dos-rus-nos-dias-12-e-13-de-outubro\/\" class=\"more-link\">Continue lendo<span class=\"screen-reader-text\"> &#8220;Funcionamento dos RUs nos dias 12 e 13 de outubro&#8221;<\/span><\/a><\/p>\n","protected":false},"author":229,"featured_media":0,"comment_status":"closed","ping_status":"closed","sticky":false,"template":"","format":"standard","meta":{"footnotes":""},"categories":[1,38889],"tags":[],"class_list":["post-15459","post","type-post","status-publish","format-standard","hentry","category-noticias","category-restaurante-universitario"],"jetpack_featured_media_url":"","_links":{"self":[{"href":"https:\/\/wp.ufpel.edu.br\/prae\/wp-json\/wp\/v2\/posts\/15459","targetHints":{"allow":["GET"]}}],"collection":[{"href":"https:\/\/wp.ufpel.edu.br\/prae\/wp-json\/wp\/v2\/posts"}],"about":[{"href":"https:\/\/wp.ufpel.edu.br\/prae\/wp-json\/wp\/v2\/types\/post"}],"author":[{"embeddable":true,"href":"https:\/\/wp.ufpel.edu.br\/prae\/wp-json\/wp\/v2\/users\/229"}],"replies":[{"embeddable":true,"href":"https:\/\/wp.ufpel.edu.br\/prae\/wp-json\/wp\/v2\/comments?post=15459"}],"version-history":[{"count":1,"href":"https:\/\/wp.ufpel.edu.br\/prae\/wp-json\/wp\/v2\/posts\/15459\/revisions"}],"predecessor-version":[{"id":15461,"href":"https:\/\/wp.ufpel.edu.br\/prae\/wp-json\/wp\/v2\/posts\/15459\/revisions\/15461"}],"wp:attachment":[{"href":"https:\/\/wp.ufpel.edu.br\/prae\/wp-json\/wp\/v2\/media?parent=15459"}],"wp:term":[{"taxonomy":"category","embeddable":true,"href":"https:\/\/wp.ufpel.edu.br\/prae\/wp-json\/wp\/v2\/categories?post=15459"},{"taxonomy":"post_tag","embeddable":true,"href":"https:\/\/wp.ufpel.edu.br\/prae\/wp-json\/wp\/v2\/tags?post=15459"}],"curies":[{"name":"wp","href":"https:\/\/api.w.org\/{rel}","templated":true}]}}