{"id":1526,"date":"2013-05-02T11:41:10","date_gmt":"2013-05-02T14:41:10","guid":{"rendered":"https:\/\/wp.ufpel.edu.br\/prae\/?p=1526"},"modified":"2014-05-20T16:29:44","modified_gmt":"2014-05-20T19:29:44","slug":"inscricoes-para-os-programas-20131","status":"publish","type":"post","link":"https:\/\/wp.ufpel.edu.br\/prae\/2013\/05\/02\/inscricoes-para-os-programas-20131\/","title":{"rendered":"INSCRI\u00c7\u00d5ES PARA OS PROGRAMAS 2013\/1-"},"content":{"rendered":"<p>A Pr\u00f3-Reitoria de Assuntos Estudantis torna p\u00fablico, conforme edital de circula\u00e7\u00e3o interna 02\/2013, abaixo,\u00a0os prazos, procedimentos e documenta\u00e7\u00e3o a ser entregue para a inscri\u00e7\u00e3o aos Programas de Assist\u00eancia Estudantil da UFPEL.<\/p>\n<p><span style=\"text-decoration: underline\"><a href=\"https:\/\/wp.ufpel.edu.br\/prae\/files\/2013\/05\/Edital-02-2013-inscri\u00e7\u00e3o-2013-1-11.pdf\">Edital-02-2013-inscri\u00e7\u00e3o-2013-1-1<\/a><\/span><\/p>\n","protected":false},"excerpt":{"rendered":"<p>A Pr\u00f3-Reitoria de Assuntos Estudantis torna p\u00fablico, conforme edital de circula\u00e7\u00e3o interna 02\/2013, abaixo,\u00a0os prazos, procedimentos e documenta\u00e7\u00e3o a ser entregue para a inscri\u00e7\u00e3o aos Programas de Assist\u00eancia Estudantil da UFPEL. Edital-02-2013-inscri\u00e7\u00e3o-2013-1-1<\/p>\n","protected":false},"author":229,"featured_media":0,"comment_status":"closed","ping_status":"closed","sticky":false,"template":"","format":"standard","meta":{"footnotes":""},"categories":[1],"tags":[76145,38887],"class_list":["post-1526","post","type-post","status-publish","format-standard","hentry","category-noticias","tag-editais","tag-inscricoes-para-os-programas-20131"],"jetpack_featured_media_url":"","_links":{"self":[{"href":"https:\/\/wp.ufpel.edu.br\/prae\/wp-json\/wp\/v2\/posts\/1526","targetHints":{"allow":["GET"]}}],"collection":[{"href":"https:\/\/wp.ufpel.edu.br\/prae\/wp-json\/wp\/v2\/posts"}],"about":[{"href":"https:\/\/wp.ufpel.edu.br\/prae\/wp-json\/wp\/v2\/types\/post"}],"author":[{"embeddable":true,"href":"https:\/\/wp.ufpel.edu.br\/prae\/wp-json\/wp\/v2\/users\/229"}],"replies":[{"embeddable":true,"href":"https:\/\/wp.ufpel.edu.br\/prae\/wp-json\/wp\/v2\/comments?post=1526"}],"version-history":[{"count":15,"href":"https:\/\/wp.ufpel.edu.br\/prae\/wp-json\/wp\/v2\/posts\/1526\/revisions"}],"predecessor-version":[{"id":2739,"href":"https:\/\/wp.ufpel.edu.br\/prae\/wp-json\/wp\/v2\/posts\/1526\/revisions\/2739"}],"wp:attachment":[{"href":"https:\/\/wp.ufpel.edu.br\/prae\/wp-json\/wp\/v2\/media?parent=1526"}],"wp:term":[{"taxonomy":"category","embeddable":true,"href":"https:\/\/wp.ufpel.edu.br\/prae\/wp-json\/wp\/v2\/categories?post=1526"},{"taxonomy":"post_tag","embeddable":true,"href":"https:\/\/wp.ufpel.edu.br\/prae\/wp-json\/wp\/v2\/tags?post=1526"}],"curies":[{"name":"wp","href":"https:\/\/api.w.org\/{rel}","templated":true}]}}