{"id":1511,"date":"2013-04-30T13:27:54","date_gmt":"2013-04-30T16:27:54","guid":{"rendered":"https:\/\/wp.ufpel.edu.br\/prae\/?p=1511"},"modified":"2014-05-20T16:37:31","modified_gmt":"2014-05-20T19:37:31","slug":"programa-auxilio-moradia-comprovacao-ate-15-de-maio","status":"publish","type":"post","link":"https:\/\/wp.ufpel.edu.br\/prae\/2013\/04\/30\/programa-auxilio-moradia-comprovacao-ate-15-de-maio\/","title":{"rendered":"PROGRAMA AUX\u00cdLIO MORADIA &#8211; comprova\u00e7\u00e3o at\u00e9 16 de maio &#8212;"},"content":{"rendered":"<p><strong>Todos os alunos que integram o Programa Aux\u00edlio Moradia dever\u00e3o comprovar a utiliza\u00e7\u00e3o do benef\u00edcio at\u00e9 dez (10) dias ap\u00f3s o in\u00edcio do semestre letivo 2013\/1, conforme previsto na normatiza\u00e7\u00e3o do Programa.\u00a0<\/strong><\/p>\n<p><strong>Aqui est\u00e3o algumas orienta\u00e7\u00f5es para a entrega dos documentos:<\/strong><\/p>\n<p>1-\u00a0\u00a0\u00a0\u00a0<strong>Se o aluno for o Locat\u00e1rio do im\u00f3vel ( quem aluga ):<\/strong><\/p>\n<p>1.1-\u00a0\u00a0\u00a0\u00a0\u00a0\u00a0 C\u00f3pia do Contrato de Loca\u00e7\u00e3o (p\u00e1gina inicial de identifica\u00e7\u00e3o e p\u00e1gina com as assinaturas-locat\u00e1rio, locador e fiador(es);<\/p>\n<p>1.2-\u00a0\u00a0\u00a0\u00a0\u00a0\u00a0 C\u00f3pia do recibo de pagamento atual do aluguel;<\/p>\n<p>1.3-\u00a0\u00a0\u00a0\u00a0\u00a0\u00a0 C\u00f3pia do comprovante de resid\u00eancia atualizado, podendo ser: conta de luz, telefone, TV a cabo, internet ( em nome do Locat\u00e1rio).<\/p>\n<p>1.4-\u00a0\u00a0\u00a0\u00a0\u00a0\u00a0 Declara\u00e7\u00e3o de divis\u00e3o de aluguel, emitida pelo locat\u00e1rio, com assinatura e c\u00f3pia de carteira de identidade de todos os residentes no im\u00f3vel.<\/p>\n<p>2-\u00a0\u00a0\u00a0\u00a0<strong>Se o aluno n\u00e3o for o Locat\u00e1rio do im\u00f3vel ( quem aluga ):<\/strong><\/p>\n<p>2.1 &#8211;\u00a0\u00a0\u00a0 C\u00f3pia do Contrato de Loca\u00e7\u00e3o (p\u00e1gina inicial de identifica\u00e7\u00e3o e p\u00e1gina com as assinaturas-locat\u00e1rio, locador e fiador(es);<\/p>\n<p>2.2 &#8211;\u00a0\u00a0\u00a0 C\u00f3pia da Carteira de Identidade do Locat\u00e1rio;<\/p>\n<p>2.3 &#8211;\u00a0\u00a0\u00a0 Declara\u00e7\u00e3o de divis\u00e3o de aluguel, emitida pelo Locat\u00e1rio, com assinatura e c\u00f3pia da carteira de identidade de todos os residentes no im\u00f3vel;<\/p>\n<p>2.4 &#8211;\u00a0\u00a0\u00a0 C\u00f3pia do recibo de pagamento atual do aluguel;<\/p>\n<p>2.5 &#8211;\u00a0\u00a0\u00a0 C\u00f3pia do comprovante de resid\u00eancia atualizado, podendo ser: conta de luz, telefone, TV a cabo, internet ( em nome do Locat\u00e1rio).<\/p>\n<p>3-\u00a0\u00a0\u00a0\u00a0<strong>Se o aluno residir em Pensionato:<\/strong><\/p>\n<p>3.1-\u00a0\u00a0\u00a0\u00a0\u00a0\u00a0 Declara\u00e7\u00e3o do(a)\u00a0 Propriet\u00e1rio(a) do Pensionato, com assinatura e c\u00f3pia da carteira de identidade do mesmo;<\/p>\n<p>3.2-\u00a0\u00a0\u00a0\u00a0\u00a0\u00a0 C\u00f3pia do recibo de pagamento atual do aluguel do Pensionato;<\/p>\n<p>3.3-\u00a0\u00a0\u00a0\u00a0\u00a0\u00a0 Comprovante de resid\u00eancia do pensionato.<\/p>\n<p>4-\u00a0\u00a0\u00a0\u00a0<strong>Se o aluno locar um espa\u00e7o em resid\u00eancia de Particular:<\/strong><\/p>\n<p>4.1-\u00a0\u00a0\u00a0\u00a0\u00a0\u00a0 Declara\u00e7\u00e3o do(a)\u00a0 Propriet\u00e1rio(a) da Resid\u00eancia, com assinatura e c\u00f3pia da carteira de identidade do mesmo ou C\u00f3pia do Contrato de Loca\u00e7\u00e3o ;<\/p>\n<p>4.2-\u00a0\u00a0\u00a0\u00a0\u00a0\u00a0 C\u00f3pia do recibo de pagamento atual do aluguel;<\/p>\n<p>4.3-\u00a0\u00a0\u00a0\u00a0\u00a0\u00a0 C\u00f3pia do comprovante de resid\u00eancia atualizado, podendo ser: conta de luz, telefone, TV a cabo, internet ( em nome do propriet\u00e1rio da resid\u00eancia, o mesmo da declara\u00e7\u00e3o ).<\/p>\n<p><strong>OBS: Para fins de comprova\u00e7\u00e3o do Programa, s\u00f3 ser\u00e1 protocolado o recebimento da documenta\u00e7\u00e3o se ela estiver completa.<\/strong><\/p>\n<p><strong>\u00a0<\/strong><\/p>\n<p><span style=\"text-decoration: underline\"><a href=\"https:\/\/wp.ufpel.edu.br\/prae\/files\/2013\/04\/Anexo-II-declaracao-divisao-aluguel5-5.pdf\">Anexo-II-declaracao-divisao-aluguel5-5<\/a><\/span><\/p>\n","protected":false},"excerpt":{"rendered":"<p>Todos os alunos que integram o Programa Aux\u00edlio Moradia dever\u00e3o comprovar a utiliza\u00e7\u00e3o do benef\u00edcio at\u00e9 dez (10) dias ap\u00f3s o in\u00edcio do semestre letivo 2013\/1, conforme previsto na normatiza\u00e7\u00e3o do Programa.\u00a0 Aqui est\u00e3o algumas orienta\u00e7\u00f5es para a entrega dos documentos: 1-\u00a0\u00a0\u00a0\u00a0Se o aluno for o Locat\u00e1rio do im\u00f3vel ( quem aluga ): 1.1-\u00a0\u00a0\u00a0\u00a0\u00a0\u00a0 C\u00f3pia &hellip; <\/p>\n<p class=\"link-more\"><a href=\"https:\/\/wp.ufpel.edu.br\/prae\/2013\/04\/30\/programa-auxilio-moradia-comprovacao-ate-15-de-maio\/\" class=\"more-link\">Continue lendo<span class=\"screen-reader-text\"> &#8220;PROGRAMA AUX\u00cdLIO MORADIA &#8211; comprova\u00e7\u00e3o at\u00e9 16 de maio &#8212;&#8221;<\/span><\/a><\/p>\n","protected":false},"author":229,"featured_media":0,"comment_status":"closed","ping_status":"closed","sticky":false,"template":"","format":"standard","meta":{"footnotes":""},"categories":[1],"tags":[],"class_list":["post-1511","post","type-post","status-publish","format-standard","hentry","category-noticias"],"jetpack_featured_media_url":"","_links":{"self":[{"href":"https:\/\/wp.ufpel.edu.br\/prae\/wp-json\/wp\/v2\/posts\/1511","targetHints":{"allow":["GET"]}}],"collection":[{"href":"https:\/\/wp.ufpel.edu.br\/prae\/wp-json\/wp\/v2\/posts"}],"about":[{"href":"https:\/\/wp.ufpel.edu.br\/prae\/wp-json\/wp\/v2\/types\/post"}],"author":[{"embeddable":true,"href":"https:\/\/wp.ufpel.edu.br\/prae\/wp-json\/wp\/v2\/users\/229"}],"replies":[{"embeddable":true,"href":"https:\/\/wp.ufpel.edu.br\/prae\/wp-json\/wp\/v2\/comments?post=1511"}],"version-history":[{"count":14,"href":"https:\/\/wp.ufpel.edu.br\/prae\/wp-json\/wp\/v2\/posts\/1511\/revisions"}],"predecessor-version":[{"id":2741,"href":"https:\/\/wp.ufpel.edu.br\/prae\/wp-json\/wp\/v2\/posts\/1511\/revisions\/2741"}],"wp:attachment":[{"href":"https:\/\/wp.ufpel.edu.br\/prae\/wp-json\/wp\/v2\/media?parent=1511"}],"wp:term":[{"taxonomy":"category","embeddable":true,"href":"https:\/\/wp.ufpel.edu.br\/prae\/wp-json\/wp\/v2\/categories?post=1511"},{"taxonomy":"post_tag","embeddable":true,"href":"https:\/\/wp.ufpel.edu.br\/prae\/wp-json\/wp\/v2\/tags?post=1511"}],"curies":[{"name":"wp","href":"https:\/\/api.w.org\/{rel}","templated":true}]}}