{"id":1509,"date":"2013-04-30T13:11:57","date_gmt":"2013-04-30T16:11:57","guid":{"rendered":"https:\/\/wp.ufpel.edu.br\/prae\/?p=1509"},"modified":"2013-04-30T13:11:57","modified_gmt":"2013-04-30T16:11:57","slug":"horario-de-atendimento-da-coordenadoria-de-beneficios","status":"publish","type":"post","link":"https:\/\/wp.ufpel.edu.br\/prae\/2013\/04\/30\/horario-de-atendimento-da-coordenadoria-de-beneficios\/","title":{"rendered":"HOR\u00c1RIO DE ATENDIMENTO DA COORDENADORIA DE BENEF\u00cdCIOS"},"content":{"rendered":"<p>Informamos que a Coordenadoria de Benef\u00edcios , localizada na Av. Bento Gon\u00e7alves, 3395, estar\u00e1 funcionado de forma ininterrupta, atendendo ao p\u00fablico das 8 \u00e0s 19 horas, a partir da pr\u00f3xima segunda-feira dia 06\/05\/2013.<\/p>\n","protected":false},"excerpt":{"rendered":"<p>Informamos que a Coordenadoria de Benef\u00edcios , localizada na Av. Bento Gon\u00e7alves, 3395, estar\u00e1 funcionado de forma ininterrupta, atendendo ao p\u00fablico das 8 \u00e0s 19 horas, a partir da pr\u00f3xima segunda-feira dia 06\/05\/2013.<\/p>\n","protected":false},"author":229,"featured_media":0,"comment_status":"closed","ping_status":"closed","sticky":false,"template":"","format":"standard","meta":{"footnotes":""},"categories":[1],"tags":[],"class_list":["post-1509","post","type-post","status-publish","format-standard","hentry","category-noticias"],"jetpack_featured_media_url":"","_links":{"self":[{"href":"https:\/\/wp.ufpel.edu.br\/prae\/wp-json\/wp\/v2\/posts\/1509","targetHints":{"allow":["GET"]}}],"collection":[{"href":"https:\/\/wp.ufpel.edu.br\/prae\/wp-json\/wp\/v2\/posts"}],"about":[{"href":"https:\/\/wp.ufpel.edu.br\/prae\/wp-json\/wp\/v2\/types\/post"}],"author":[{"embeddable":true,"href":"https:\/\/wp.ufpel.edu.br\/prae\/wp-json\/wp\/v2\/users\/229"}],"replies":[{"embeddable":true,"href":"https:\/\/wp.ufpel.edu.br\/prae\/wp-json\/wp\/v2\/comments?post=1509"}],"version-history":[{"count":1,"href":"https:\/\/wp.ufpel.edu.br\/prae\/wp-json\/wp\/v2\/posts\/1509\/revisions"}],"predecessor-version":[{"id":1510,"href":"https:\/\/wp.ufpel.edu.br\/prae\/wp-json\/wp\/v2\/posts\/1509\/revisions\/1510"}],"wp:attachment":[{"href":"https:\/\/wp.ufpel.edu.br\/prae\/wp-json\/wp\/v2\/media?parent=1509"}],"wp:term":[{"taxonomy":"category","embeddable":true,"href":"https:\/\/wp.ufpel.edu.br\/prae\/wp-json\/wp\/v2\/categories?post=1509"},{"taxonomy":"post_tag","embeddable":true,"href":"https:\/\/wp.ufpel.edu.br\/prae\/wp-json\/wp\/v2\/tags?post=1509"}],"curies":[{"name":"wp","href":"https:\/\/api.w.org\/{rel}","templated":true}]}}