{"id":14786,"date":"2023-04-17T17:57:58","date_gmt":"2023-04-17T20:57:58","guid":{"rendered":"https:\/\/wp.ufpel.edu.br\/prae\/?p=14786"},"modified":"2023-05-02T16:27:17","modified_gmt":"2023-05-02T19:27:17","slug":"avaliacao-do-rendimento-academico-referente-a-2022-1","status":"publish","type":"post","link":"https:\/\/wp.ufpel.edu.br\/prae\/2023\/04\/17\/avaliacao-do-rendimento-academico-referente-a-2022-1\/","title":{"rendered":"Avalia\u00e7\u00e3o do Rendimento Acad\u00eamico referente a 2022\/1"},"content":{"rendered":"<p>Aten\u00e7\u00e3o benefici\u00e1rios da PRAE!<\/p>\n<p>A Coordena\u00e7\u00e3o de Perman\u00eancia (CP) torna p\u00fablica a <b>convoca\u00e7\u00e3o<\/b> para apresenta\u00e7\u00e3o de <strong>justificativa do\u00a0 rendimento acad\u00eamico insuficiente<\/strong> referente \u00e0 avalia\u00e7\u00e3o do semestre 2022\/1.<\/p>\n<p>A apresenta\u00e7\u00e3o de justificativa \u00e9 OBRIGAT\u00d3RIA para todos os estudantes listados.<\/p>\n<p>Para compreender como \u00e9 realizada a avalia\u00e7\u00e3o do rendimento acad\u00eamico e como calcular o seu \u00edndice, acesse:\u00a0<a href=\"https:\/\/wp.ufpel.edu.br\/prae\/programa-de-acompanhamento-pedagogico\/acompanhamento-pedagogico-justificativa-baixo-aproveitamento-academico\/\">Avalia\u00e7\u00e3o do Rendimento Acad\u00eamico<\/a><\/p>\n<p>&nbsp;<\/p>\n<p><strong>Convoca\u00e7\u00e3o e listagem: <\/strong><a href=\"https:\/\/wp.ufpel.edu.br\/prae\/files\/2023\/04\/SEI_Convocacao-e-Listagem_retificada-em-18-04-23.pdf\">SEI_Convoca\u00e7\u00e3o e Listagem_retificada em 18-04-23<\/a><\/p>\n<p><strong>Prazo para apresenta\u00e7\u00e3o de justificativa:<\/strong> 17\/04 a 23\/04\/2023<\/p>\n<p><strong>Formul\u00e1rio para justificativa:<\/strong>\u00a0<a href=\"https:\/\/forms.gle\/faKBeERzTjd6ka7P8\">https:\/\/forms.gle\/faKBeERzTjd6ka7P8<\/a><\/p>\n","protected":false},"excerpt":{"rendered":"<p>Aten\u00e7\u00e3o benefici\u00e1rios da PRAE! A Coordena\u00e7\u00e3o de Perman\u00eancia (CP) torna p\u00fablica a convoca\u00e7\u00e3o para apresenta\u00e7\u00e3o de justificativa do\u00a0 rendimento acad\u00eamico insuficiente referente \u00e0 avalia\u00e7\u00e3o do semestre 2022\/1. A apresenta\u00e7\u00e3o de justificativa \u00e9 OBRIGAT\u00d3RIA para todos os estudantes listados. Para compreender como \u00e9 realizada a avalia\u00e7\u00e3o do rendimento acad\u00eamico e como calcular o seu \u00edndice, acesse:\u00a0Avalia\u00e7\u00e3o &hellip; <\/p>\n<p class=\"link-more\"><a href=\"https:\/\/wp.ufpel.edu.br\/prae\/2023\/04\/17\/avaliacao-do-rendimento-academico-referente-a-2022-1\/\" class=\"more-link\">Continue lendo<span class=\"screen-reader-text\"> &#8220;Avalia\u00e7\u00e3o do Rendimento Acad\u00eamico referente a 2022\/1&#8221;<\/span><\/a><\/p>\n","protected":false},"author":229,"featured_media":0,"comment_status":"closed","ping_status":"closed","sticky":false,"template":"","format":"standard","meta":{"footnotes":""},"categories":[76169],"tags":[],"class_list":["post-14786","post","type-post","status-publish","format-standard","hentry","category-permanencia"],"jetpack_featured_media_url":"","_links":{"self":[{"href":"https:\/\/wp.ufpel.edu.br\/prae\/wp-json\/wp\/v2\/posts\/14786","targetHints":{"allow":["GET"]}}],"collection":[{"href":"https:\/\/wp.ufpel.edu.br\/prae\/wp-json\/wp\/v2\/posts"}],"about":[{"href":"https:\/\/wp.ufpel.edu.br\/prae\/wp-json\/wp\/v2\/types\/post"}],"author":[{"embeddable":true,"href":"https:\/\/wp.ufpel.edu.br\/prae\/wp-json\/wp\/v2\/users\/229"}],"replies":[{"embeddable":true,"href":"https:\/\/wp.ufpel.edu.br\/prae\/wp-json\/wp\/v2\/comments?post=14786"}],"version-history":[{"count":3,"href":"https:\/\/wp.ufpel.edu.br\/prae\/wp-json\/wp\/v2\/posts\/14786\/revisions"}],"predecessor-version":[{"id":14796,"href":"https:\/\/wp.ufpel.edu.br\/prae\/wp-json\/wp\/v2\/posts\/14786\/revisions\/14796"}],"wp:attachment":[{"href":"https:\/\/wp.ufpel.edu.br\/prae\/wp-json\/wp\/v2\/media?parent=14786"}],"wp:term":[{"taxonomy":"category","embeddable":true,"href":"https:\/\/wp.ufpel.edu.br\/prae\/wp-json\/wp\/v2\/categories?post=14786"},{"taxonomy":"post_tag","embeddable":true,"href":"https:\/\/wp.ufpel.edu.br\/prae\/wp-json\/wp\/v2\/tags?post=14786"}],"curies":[{"name":"wp","href":"https:\/\/api.w.org\/{rel}","templated":true}]}}