{"id":14762,"date":"2023-04-10T15:21:38","date_gmt":"2023-04-10T18:21:38","guid":{"rendered":"https:\/\/wp.ufpel.edu.br\/prae\/?p=14762"},"modified":"2023-04-10T15:21:38","modified_gmt":"2023-04-10T18:21:38","slug":"ufpel-divulga-lista-final-de-inscricoes-para-formaturas-institucionais","status":"publish","type":"post","link":"https:\/\/wp.ufpel.edu.br\/prae\/2023\/04\/10\/ufpel-divulga-lista-final-de-inscricoes-para-formaturas-institucionais\/","title":{"rendered":"UFPel divulga lista final de inscri\u00e7\u00f5es para Formaturas Institucionais"},"content":{"rendered":"<p style=\"text-align: justify\"><img loading=\"lazy\" decoding=\"async\" class=\"size-medium wp-image-111737 alignleft\" src=\"https:\/\/ccs2.ufpel.edu.br\/wp\/wp-content\/uploads\/2022\/06\/DSC9218-400x267.jpg\" alt=\"\" width=\"400\" height=\"267\" data-attachment-id=\"111737\" data-permalink=\"https:\/\/ccs2.ufpel.edu.br\/wp\/2022\/06\/03\/formatura-institucional-inscricoes-prorrogadas-ate-segunda-feira-3-as-9h\/dsc9218\/\" data-orig-file=\"https:\/\/ccs2.ufpel.edu.br\/wp\/wp-content\/uploads\/2022\/06\/DSC9218.jpg\" data-orig-size=\"2048,1367\" data-comments-opened=\"0\" data-image-meta=\"{&quot;aperture&quot;:&quot;4.5&quot;,&quot;credit&quot;:&quot;&quot;,&quot;camera&quot;:&quot;NIKON D750&quot;,&quot;caption&quot;:&quot;&quot;,&quot;created_timestamp&quot;:&quot;1648226181&quot;,&quot;copyright&quot;:&quot;&quot;,&quot;focal_length&quot;:&quot;50&quot;,&quot;iso&quot;:&quot;1600&quot;,&quot;shutter_speed&quot;:&quot;0.004&quot;,&quot;title&quot;:&quot;&quot;,&quot;orientation&quot;:&quot;0&quot;}\" data-image-title=\"Formatura Institucional\" data-image-description=\"\" data-image-caption=\"\" data-medium-file=\"https:\/\/ccs2.ufpel.edu.br\/wp\/wp-content\/uploads\/2022\/06\/DSC9218-400x267.jpg\" data-large-file=\"https:\/\/ccs2.ufpel.edu.br\/wp\/wp-content\/uploads\/2022\/06\/DSC9218-1024x684.jpg\" \/>A Universidade Federal de Pelotas divulgou, nesta segunda-feira (10), as listas finais de inscri\u00e7\u00f5es para as modalidades de formaturas institucionais, os dias e hor\u00e1rios de realiza\u00e7\u00e3o das cerim\u00f4nias de formatura institucionais externas de acordo com os cursos e a lista de autoridades escolhidas por curso.<\/p>\n<p style=\"text-align: justify\">A organiza\u00e7\u00e3o das formaturas solicita aten\u00e7\u00e3o ao prazo para o convite de suas autoridades escolhidas e, sendo o caso, o prazo para notificar a desist\u00eancia de participa\u00e7\u00e3o na Formatura Institucional Externa.<\/p>\n<p style=\"text-align: justify\">As cola\u00e7\u00f5es de grau ocorrer\u00e3o no per\u00edodo de 29 a 30 de junho, no Audit\u00f3rio Wilson de Oliveira, localizado na Faculdade de Agronomia Eliseu Maciel. As Formaturas Institucionais Externas s\u00e3o atos de outorga de grau totalmente financiados pela UFPel, aberto a todos os formandos da Universidade, contando com servi\u00e7os como o fornecimento de vestes talares, decora\u00e7\u00e3o, fotografia e sonoriza\u00e7\u00e3o, al\u00e9m de terem a participa\u00e7\u00e3o de representantes da reitoria, dos cursos de gradua\u00e7\u00e3o e das unidades acad\u00eamicas envolvidas.<\/p>\n<p style=\"text-align: justify\"><strong>Lista de Estudantes Inscritos para formatura Institucional Externa: <a href=\"https:\/\/wp.ufpel.edu.br\/prae\/files\/2023\/04\/FORMATURA-INTITUCIONAL-EXTERNA-2022_2-FINAL.pdf\">FORMATURA INTITUCIONAL EXTERNA 2022_2 FINAL<\/a><\/strong><\/p>\n<p style=\"text-align: justify\"><strong>Lista de Estudantes Inscritos para formatura Institucional Interna (de Gabinete) e anteriores a 2018\/1: <a href=\"https:\/\/wp.ufpel.edu.br\/prae\/files\/2023\/04\/LISTA-INST.-INTERNA-E-ANTERIOR-2018_1.pdf\">LISTA INST. INTERNA E ANTERIOR 2018_1<\/a><\/strong><\/p>\n<p style=\"text-align: center\"><strong>Para consultar a situa\u00e7\u00e3o da solicita\u00e7\u00e3o de inscri\u00e7\u00e3o pelo Cobalto:<\/strong> acessar a op\u00e7\u00e3o \u201cAluno\u201d \u2013 \u201cConsulta\u201d \u2013 \u201cSitua\u00e7\u00e3o da Formatura\u201d.<\/p>\n<ul style=\"text-align: justify\">\n<li><strong>Prazo de desist\u00eancia da Formatura Institucional Externa:<\/strong> at\u00e9 dia 30 de maio de 2023 (ap\u00f3s esta data, sujeito a multa em dinheiro). Registrar a desist\u00eancia por e-mail: formatura.institucional@ufpel.edu.br<\/li>\n<\/ul>\n<p style=\"text-align: justify\"><strong>Lista de Autoridades escolhidas por curso: <a href=\"https:\/\/wp.ufpel.edu.br\/prae\/files\/2023\/04\/paraninfo_orientador-3-1.pdf\" target=\"_blank\" rel=\"noopener\">AUTORIDADES ESCOLHIDAS<\/a><\/strong><\/p>\n<ul style=\"text-align: justify\">\n<li><strong>Convite \u00e0s autoridades escolhidas <b>(mais votadas) <\/b>por cada turma:<\/strong> at\u00e9 dia 28 de abril de 2023. Deve ser feito pelos pr\u00f3prios estudantes. Ap\u00f3s esta data a Comiss\u00e3o de Formatura Institucional Externa far\u00e1 os convites.<\/li>\n<\/ul>\n<p style=\"text-align: justify\"><strong>Dias e Hor\u00e1rios de realiza\u00e7\u00e3o das cerim\u00f4nias e quantidade de convites:<\/strong><\/p>\n<p><img loading=\"lazy\" decoding=\"async\" class=\"alignnone wp-image-118141 size-full\" src=\"https:\/\/ccs2.ufpel.edu.br\/wp\/wp-content\/uploads\/2023\/04\/Screenshot_29.jpg\" alt=\"\" width=\"775\" height=\"134\" data-attachment-id=\"118141\" data-permalink=\"https:\/\/ccs2.ufpel.edu.br\/wp\/2023\/04\/10\/ufpel-divulga-lista-final-de-inscricoes-para-formaturas-institucionais\/screenshot_29\/\" data-orig-file=\"https:\/\/ccs2.ufpel.edu.br\/wp\/wp-content\/uploads\/2023\/04\/Screenshot_29.jpg\" data-orig-size=\"775,134\" data-comments-opened=\"0\" data-image-meta=\"{&quot;aperture&quot;:&quot;0&quot;,&quot;credit&quot;:&quot;&quot;,&quot;camera&quot;:&quot;&quot;,&quot;caption&quot;:&quot;&quot;,&quot;created_timestamp&quot;:&quot;0&quot;,&quot;copyright&quot;:&quot;&quot;,&quot;focal_length&quot;:&quot;0&quot;,&quot;iso&quot;:&quot;0&quot;,&quot;shutter_speed&quot;:&quot;0&quot;,&quot;title&quot;:&quot;&quot;,&quot;orientation&quot;:&quot;0&quot;}\" data-image-title=\"Screenshot_29\" data-image-description=\"\" data-image-caption=\"\" data-medium-file=\"https:\/\/ccs2.ufpel.edu.br\/wp\/wp-content\/uploads\/2023\/04\/Screenshot_29-400x69.jpg\" data-large-file=\"https:\/\/ccs2.ufpel.edu.br\/wp\/wp-content\/uploads\/2023\/04\/Screenshot_29.jpg\" \/><\/p>\n<p>Para mais informa\u00e7\u00f5es sobre as modalidades de formatura, organiza\u00e7\u00e3o das cerim\u00f4nias e not\u00edcias, acesse:\u00a0<a href=\"https:\/\/wp.ufpel.edu.br\/prae\/category\/formaturas-institucionais-noticias\/\">https:\/\/wp.ufpel.edu.br\/prae\/category\/formaturas-institucionais-noticias\/<\/a><\/p>\n<p>D\u00favidas pelo e-mail: formatura.institucional@ufpel.edu.br<\/p>\n<p>Not\u00edcia original publicada em: <a href=\"https:\/\/ccs2.ufpel.edu.br\/wp\/2023\/04\/10\/ufpel-divulga-lista-final-de-inscricoes-para-formaturas-institucionais\/\" target=\"_blank\" rel=\"noopener\">https:\/\/ccs2.ufpel.edu.br\/wp\/2023\/04\/10\/ufpel-divulga-lista-final-de-inscricoes-para-formaturas-institucionais\/<\/a><\/p>\n","protected":false},"excerpt":{"rendered":"<p>A Universidade Federal de Pelotas divulgou, nesta segunda-feira (10), as listas finais de inscri\u00e7\u00f5es para as modalidades de formaturas institucionais, os dias e hor\u00e1rios de realiza\u00e7\u00e3o das cerim\u00f4nias de formatura institucionais externas de acordo com os cursos e a lista de autoridades escolhidas por curso. A organiza\u00e7\u00e3o das formaturas solicita aten\u00e7\u00e3o ao prazo para o &hellip; <\/p>\n<p class=\"link-more\"><a href=\"https:\/\/wp.ufpel.edu.br\/prae\/2023\/04\/10\/ufpel-divulga-lista-final-de-inscricoes-para-formaturas-institucionais\/\" class=\"more-link\">Continue lendo<span class=\"screen-reader-text\"> &#8220;UFPel divulga lista final de inscri\u00e7\u00f5es para Formaturas Institucionais&#8221;<\/span><\/a><\/p>\n","protected":false},"author":229,"featured_media":0,"comment_status":"closed","ping_status":"closed","sticky":false,"template":"","format":"standard","meta":{"footnotes":""},"categories":[1,76156],"tags":[],"class_list":["post-14762","post","type-post","status-publish","format-standard","hentry","category-noticias","category-formaturas-institucionais-noticias"],"jetpack_featured_media_url":"","_links":{"self":[{"href":"https:\/\/wp.ufpel.edu.br\/prae\/wp-json\/wp\/v2\/posts\/14762","targetHints":{"allow":["GET"]}}],"collection":[{"href":"https:\/\/wp.ufpel.edu.br\/prae\/wp-json\/wp\/v2\/posts"}],"about":[{"href":"https:\/\/wp.ufpel.edu.br\/prae\/wp-json\/wp\/v2\/types\/post"}],"author":[{"embeddable":true,"href":"https:\/\/wp.ufpel.edu.br\/prae\/wp-json\/wp\/v2\/users\/229"}],"replies":[{"embeddable":true,"href":"https:\/\/wp.ufpel.edu.br\/prae\/wp-json\/wp\/v2\/comments?post=14762"}],"version-history":[{"count":1,"href":"https:\/\/wp.ufpel.edu.br\/prae\/wp-json\/wp\/v2\/posts\/14762\/revisions"}],"predecessor-version":[{"id":14764,"href":"https:\/\/wp.ufpel.edu.br\/prae\/wp-json\/wp\/v2\/posts\/14762\/revisions\/14764"}],"wp:attachment":[{"href":"https:\/\/wp.ufpel.edu.br\/prae\/wp-json\/wp\/v2\/media?parent=14762"}],"wp:term":[{"taxonomy":"category","embeddable":true,"href":"https:\/\/wp.ufpel.edu.br\/prae\/wp-json\/wp\/v2\/categories?post=14762"},{"taxonomy":"post_tag","embeddable":true,"href":"https:\/\/wp.ufpel.edu.br\/prae\/wp-json\/wp\/v2\/tags?post=14762"}],"curies":[{"name":"wp","href":"https:\/\/api.w.org\/{rel}","templated":true}]}}