{"id":1473,"date":"2013-03-12T17:16:50","date_gmt":"2013-03-12T20:16:50","guid":{"rendered":"https:\/\/wp.ufpel.edu.br\/prae\/?p=1473"},"modified":"2014-05-20T16:39:58","modified_gmt":"2014-05-20T19:39:58","slug":"suspensao-por-falta-de-aproveitamento-20121","status":"publish","type":"post","link":"https:\/\/wp.ufpel.edu.br\/prae\/2013\/03\/12\/suspensao-por-falta-de-aproveitamento-20121\/","title":{"rendered":"SUSPENS\u00c3O POR FALTA DE APROVEITAMENTO 2012\/1"},"content":{"rendered":"<p style=\"text-align: left\">Os alunos abaixo relacionados ter\u00e3o os <strong>benef\u00edcios suspensos, a partir do m\u00eas de maio,<\/strong> por n\u00e3o terem alcan\u00e7ado o aproveitamento exigido pelas normas dos Programas de Assist\u00eancia Estudantil, no <strong>per\u00edodo 2012\/1<\/strong>.<\/p>\n<p style=\"text-align: left\">Ser\u00e1 aberto prazo de (3)tr\u00eas dias \u00fateis, ap\u00f3s\u00a0esta publica\u00e7\u00e3o, para recebimento de justificativas fundamentando o motivo do n\u00e3o aproveitamento no per\u00edodo.<\/p>\n<p style=\"text-align: left\">As justificativas dever\u00e3o ser entregues, dentro do prazo estabelecido, \u00a0na Coordenadoria de Benef\u00edcios (Av. Bento Gon\u00e7alves, 3395) das 8:00 \u00e0s 19:00.<\/p>\n<p style=\"text-align: center\"><strong>SUSPENS\u00d5ES \u00c0 PARTIR DE MAIO 2013<\/strong><\/p>\n<p style=\"text-align: center\"><span style=\"text-decoration: underline\"><a href=\"https:\/\/wp.ufpel.edu.br\/prae\/files\/2013\/03\/aproveitamento-2012-1-final.pdf\">aproveitamento-2012-1-final<\/a><\/span><\/p>\n","protected":false},"excerpt":{"rendered":"<p>Os alunos abaixo relacionados ter\u00e3o os benef\u00edcios suspensos, a partir do m\u00eas de maio, por n\u00e3o terem alcan\u00e7ado o aproveitamento exigido pelas normas dos Programas de Assist\u00eancia Estudantil, no per\u00edodo 2012\/1. Ser\u00e1 aberto prazo de (3)tr\u00eas dias \u00fateis, ap\u00f3s\u00a0esta publica\u00e7\u00e3o, para recebimento de justificativas fundamentando o motivo do n\u00e3o aproveitamento no per\u00edodo. As justificativas dever\u00e3o &hellip; <\/p>\n<p class=\"link-more\"><a href=\"https:\/\/wp.ufpel.edu.br\/prae\/2013\/03\/12\/suspensao-por-falta-de-aproveitamento-20121\/\" class=\"more-link\">Continue lendo<span class=\"screen-reader-text\"> &#8220;SUSPENS\u00c3O POR FALTA DE APROVEITAMENTO 2012\/1&#8221;<\/span><\/a><\/p>\n","protected":false},"author":229,"featured_media":0,"comment_status":"closed","ping_status":"closed","sticky":false,"template":"","format":"standard","meta":{"footnotes":""},"categories":[1],"tags":[],"class_list":["post-1473","post","type-post","status-publish","format-standard","hentry","category-noticias"],"jetpack_featured_media_url":"","_links":{"self":[{"href":"https:\/\/wp.ufpel.edu.br\/prae\/wp-json\/wp\/v2\/posts\/1473","targetHints":{"allow":["GET"]}}],"collection":[{"href":"https:\/\/wp.ufpel.edu.br\/prae\/wp-json\/wp\/v2\/posts"}],"about":[{"href":"https:\/\/wp.ufpel.edu.br\/prae\/wp-json\/wp\/v2\/types\/post"}],"author":[{"embeddable":true,"href":"https:\/\/wp.ufpel.edu.br\/prae\/wp-json\/wp\/v2\/users\/229"}],"replies":[{"embeddable":true,"href":"https:\/\/wp.ufpel.edu.br\/prae\/wp-json\/wp\/v2\/comments?post=1473"}],"version-history":[{"count":14,"href":"https:\/\/wp.ufpel.edu.br\/prae\/wp-json\/wp\/v2\/posts\/1473\/revisions"}],"predecessor-version":[{"id":2744,"href":"https:\/\/wp.ufpel.edu.br\/prae\/wp-json\/wp\/v2\/posts\/1473\/revisions\/2744"}],"wp:attachment":[{"href":"https:\/\/wp.ufpel.edu.br\/prae\/wp-json\/wp\/v2\/media?parent=1473"}],"wp:term":[{"taxonomy":"category","embeddable":true,"href":"https:\/\/wp.ufpel.edu.br\/prae\/wp-json\/wp\/v2\/categories?post=1473"},{"taxonomy":"post_tag","embeddable":true,"href":"https:\/\/wp.ufpel.edu.br\/prae\/wp-json\/wp\/v2\/tags?post=1473"}],"curies":[{"name":"wp","href":"https:\/\/api.w.org\/{rel}","templated":true}]}}