{"id":1465,"date":"2013-03-12T15:02:02","date_gmt":"2013-03-12T18:02:02","guid":{"rendered":"https:\/\/wp.ufpel.edu.br\/prae\/?p=1465"},"modified":"2014-05-20T16:44:56","modified_gmt":"2014-05-20T19:44:56","slug":"cancelamento-dos-programas-por-motivo-da-reavaliacao-2012","status":"publish","type":"post","link":"https:\/\/wp.ufpel.edu.br\/prae\/2013\/03\/12\/cancelamento-dos-programas-por-motivo-da-reavaliacao-2012\/","title":{"rendered":"CANCELAMENTO DOS PROGRAMAS POR MOTIVO DA REAVALIA\u00c7\u00c3O 2012"},"content":{"rendered":"<p>A PRAE informa aos alunos <strong>exclu\u00eddos dos Programas de Assist\u00eancia Estudantil<\/strong> por motivo de <strong>Indeferimento na Reavalia\u00e7\u00e3o Socioecon\u00f4mica 2012<\/strong> que caber\u00e1 <strong>Recurso nos dias 13, 14 e 15\/03\/2013.<\/strong><\/p>\n<p>OBS:\u00a0<strong>Nos dias 13 e 14\/03\/2013, das 8:30 \u00e0s 18:30<\/strong> as Assistentes Sociais da Coordenadoria de Benef\u00edcios estar\u00e3o realizando atendimento aos alunos com o objetivo de esclarecimentos dos indeferimentos para fundamenta\u00e7\u00e3o dos recursos.<\/p>\n<p>Os recursos dever\u00e3o ser encaminhados, no prazo estipulado,\u00a0\u00e0 Coordenadoria de Benef\u00edcios \u2013 Av. Bento Gon\u00e7alves, 3395, \u00a0das 8:00 \u00e0s 19:00 \u2013 Fone: 53 \u2013 32224318.<\/p>\n<p>Modelo de formul\u00e1rio de recurso, encontra-se em anexo.<\/p>\n<p align=\"center\"><strong>AS EXCLUS\u00d5ES SER\u00c3O EFETIVADAS A PARTIR DE MAIO DE 2013.<\/strong><\/p>\n<p align=\"center\"><span style=\"text-decoration: underline\"><a href=\"https:\/\/wp.ufpel.edu.br\/prae\/files\/2013\/03\/INDEFERIMENTOS-NA-REAVALIA\u00c7\u00c3O-2012.pdf\">INDEFERIMENTOS-NA-REAVALIA\u00c7\u00c3O-2012<\/a><\/span><\/p>\n<p align=\"center\"><span style=\"text-decoration: underline\"><a href=\"https:\/\/wp.ufpel.edu.br\/prae\/files\/2013\/03\/ESTUDANTES-QUE-N\u00c3O-REALIZARAM-O-PROCESSO-DE-REAVALIA\u00c7\u00c3O-SOCIOECON\u00d4MICA-EM-2012.pdf\">ESTUDANTES-QUE-N\u00c3O-REALIZARAM-O-PROCESSO-DE-REAVALIA\u00c7\u00c3O-SOCIOECON\u00d4MICA-EM-2012<\/a><\/span><\/p>\n<p align=\"center\"><span style=\"text-decoration: underline\"><a href=\"https:\/\/wp.ufpel.edu.br\/prae\/files\/2013\/03\/Recurso_Exclus\u00e3o_Reavalia\u00e7\u00e3o_20121.pdf\">Recurso_Exclus\u00e3o_Reavalia\u00e7\u00e3o_20121<\/a><\/span><\/p>\n","protected":false},"excerpt":{"rendered":"<p>A PRAE informa aos alunos exclu\u00eddos dos Programas de Assist\u00eancia Estudantil por motivo de Indeferimento na Reavalia\u00e7\u00e3o Socioecon\u00f4mica 2012 que caber\u00e1 Recurso nos dias 13, 14 e 15\/03\/2013. OBS:\u00a0Nos dias 13 e 14\/03\/2013, das 8:30 \u00e0s 18:30 as Assistentes Sociais da Coordenadoria de Benef\u00edcios estar\u00e3o realizando atendimento aos alunos com o objetivo de esclarecimentos dos &hellip; <\/p>\n<p class=\"link-more\"><a href=\"https:\/\/wp.ufpel.edu.br\/prae\/2013\/03\/12\/cancelamento-dos-programas-por-motivo-da-reavaliacao-2012\/\" class=\"more-link\">Continue lendo<span class=\"screen-reader-text\"> &#8220;CANCELAMENTO DOS PROGRAMAS POR MOTIVO DA REAVALIA\u00c7\u00c3O 2012&#8221;<\/span><\/a><\/p>\n","protected":false},"author":229,"featured_media":0,"comment_status":"closed","ping_status":"closed","sticky":false,"template":"","format":"standard","meta":{"footnotes":""},"categories":[1],"tags":[],"class_list":["post-1465","post","type-post","status-publish","format-standard","hentry","category-noticias"],"jetpack_featured_media_url":"","_links":{"self":[{"href":"https:\/\/wp.ufpel.edu.br\/prae\/wp-json\/wp\/v2\/posts\/1465","targetHints":{"allow":["GET"]}}],"collection":[{"href":"https:\/\/wp.ufpel.edu.br\/prae\/wp-json\/wp\/v2\/posts"}],"about":[{"href":"https:\/\/wp.ufpel.edu.br\/prae\/wp-json\/wp\/v2\/types\/post"}],"author":[{"embeddable":true,"href":"https:\/\/wp.ufpel.edu.br\/prae\/wp-json\/wp\/v2\/users\/229"}],"replies":[{"embeddable":true,"href":"https:\/\/wp.ufpel.edu.br\/prae\/wp-json\/wp\/v2\/comments?post=1465"}],"version-history":[{"count":5,"href":"https:\/\/wp.ufpel.edu.br\/prae\/wp-json\/wp\/v2\/posts\/1465\/revisions"}],"predecessor-version":[{"id":2750,"href":"https:\/\/wp.ufpel.edu.br\/prae\/wp-json\/wp\/v2\/posts\/1465\/revisions\/2750"}],"wp:attachment":[{"href":"https:\/\/wp.ufpel.edu.br\/prae\/wp-json\/wp\/v2\/media?parent=1465"}],"wp:term":[{"taxonomy":"category","embeddable":true,"href":"https:\/\/wp.ufpel.edu.br\/prae\/wp-json\/wp\/v2\/categories?post=1465"},{"taxonomy":"post_tag","embeddable":true,"href":"https:\/\/wp.ufpel.edu.br\/prae\/wp-json\/wp\/v2\/tags?post=1465"}],"curies":[{"name":"wp","href":"https:\/\/api.w.org\/{rel}","templated":true}]}}