{"id":1453,"date":"2013-03-11T15:00:54","date_gmt":"2013-03-11T18:00:54","guid":{"rendered":"https:\/\/wp.ufpel.edu.br\/prae\/?p=1453"},"modified":"2013-03-11T15:00:54","modified_gmt":"2013-03-11T18:00:54","slug":"nota-de-esclarecimento-programa-auxilio-transporte-campus-capao-do-leao","status":"publish","type":"post","link":"https:\/\/wp.ufpel.edu.br\/prae\/2013\/03\/11\/nota-de-esclarecimento-programa-auxilio-transporte-campus-capao-do-leao\/","title":{"rendered":"Nota de Esclarecimento &#8211;                                                                Programa Aux\u00edlio Transporte Campus Cap\u00e3o do Le\u00e3o"},"content":{"rendered":"<p align=\"center\"><span style=\"text-align: left\">Informamos aos alunos benefici\u00e1rios do Programa Aux\u00edlio- Transporte Campus Cap\u00e3o do Le\u00e3o que o dep\u00f3sito em pec\u00fania \u00e9 realizado em <\/span><strong>04 (quatro) parcelas mensais que contemplam todos os dias letivos (segunda a sexta) do semestre.<\/strong><\/p>\n<p style=\"text-align: center\"><strong><\/strong>\u00a0 Para o semestre de <strong>2012\/2<\/strong> que teve in\u00edcio em <strong>05\/11\/2012<\/strong> o c\u00e1lculo foi efetuado com base em <strong>83 dias<\/strong> letivos (<strong>Novembro \u00e0 Mar\u00e7o<\/strong>):<\/p>\n<p style=\"text-align: left\">Faixa 1: Para alunos que v\u00e3o apenas <strong>01<\/strong> dia por semana para o CCL<\/p>\n<p style=\"text-align: left\">Faixa 2: Para alunos que v\u00e3o entre <strong>02 e 03<\/strong> dias por semana para o CCL<\/p>\n<p style=\"text-align: left\">Faixa 3: Para alunos que v\u00e3o entre <strong>04 e 05<\/strong> dias por semana para o CCL<\/p>\n<p style=\"text-align: left\"><span style=\"text-decoration: underline\">EX em R$\/m\u00eas (<strong>17 semanas no per\u00edodo<\/strong>):<\/span><\/p>\n<p style=\"text-align: left\"><strong>Faixa 1<\/strong> \u2013 17 dias x 02 = 34 x R$ 1,98 = <strong>R$ 67,32\/4 = R$ 16,90 por m\u00eas<\/strong><\/p>\n<p style=\"text-align: left\"><strong>Faixa 2<\/strong> \u2013 51 dias x 02 = 102 x R$ 1,98 = <strong>R$ 201,96\/4 = R$ 50,50 por m\u00eas<\/strong><\/p>\n<p style=\"text-align: left\"><strong>Faixa 3<\/strong> \u2013 83 dias x 02 = 166 x R$ 1,98 = <strong>R$ 328,68\/4 = R$ 82,20 por m\u00eas<\/strong><\/p>\n<p style=\"text-align: left\"><strong>Dep\u00f3sitos em Novembro, Dezembro\/12 e Janeiro e Fevereiro\/13.<\/strong><\/p>\n<p style=\"text-align: left\"><strong>\u00a0\u00a0\u00a0\u00a0\u00a0\u00a0\u00a0\u00a0\u00a0\u00a0\u00a0\u00a0\u00a0\u00a0\u00a0 <\/strong>Neste semestre (<strong>2012\/2<\/strong>) foi realizado um dep\u00f3sito extra no valor de <strong>R$ 10,80<\/strong> com o objetivo de suprir os gastos com o aumento da passagem (<strong>desde 04\/02 at\u00e9 o dia 18\/03<\/strong>) para o Campus cap\u00e3o do Le\u00e3o.<\/p>\n<p style=\"text-align: left\">Para o semestre de <strong>2013\/1<\/strong> que ter\u00e1 in\u00edcio em <strong>06\/05\/2013<\/strong> o c\u00e1lculo foi efetuado com base em <strong>84 dias<\/strong> letivos (Maio \u00e0 Agosto):<\/p>\n<p style=\"text-align: left\">Faixa 1: Para alunos que v\u00e3o apenas <strong>01<\/strong> dia por semana para o CCL<\/p>\n<p style=\"text-align: left\">Faixa 2: Para alunos que v\u00e3o entre <strong>02 e 03<\/strong> dias por semana para o CCL<\/p>\n<p style=\"text-align: left\">Faixa 3: Para alunos que v\u00e3o entre <strong>04 e 05<\/strong> dias por semana para o CCL<\/p>\n<p style=\"text-align: left\">\u00a0\u00a0\u00a0\u00a0\u00a0\u00a0\u00a0\u00a0\u00a0\u00a0\u00a0\u00a0\u00a0\u00a0\u00a0 EX em R$\/m\u00eas (<strong>84 dias ou 17 semanas no per\u00edodo<\/strong>):<\/p>\n<p style=\"text-align: left\"><strong>Faixa 1<\/strong> \u2013 17 dias x 02 = 34 x R$ 2,16 = <strong>R$ 73,44\/4 = R$ 18,40 por m\u00eas<\/strong><\/p>\n<p style=\"text-align: left\"><strong>Faixa 2<\/strong> \u2013 51 dias x 02 = 102 x R$ 2,16 = <strong>R$ 220,32\/4 = R$ 55,10 por m\u00eas<\/strong><\/p>\n<p style=\"text-align: left\"><strong>Faixa 3<\/strong> \u2013 84 dias x 02 = 168 x R$ 2,16 = <strong>R$ 362,88\/4 = R$ 90,80 por m\u00eas<\/strong><\/p>\n<p style=\"text-align: left\"><strong>Dep\u00f3sitos em Maio, Junho, Julho e Agosto\/13<\/strong><\/p>\n","protected":false},"excerpt":{"rendered":"<p>Informamos aos alunos benefici\u00e1rios do Programa Aux\u00edlio- Transporte Campus Cap\u00e3o do Le\u00e3o que o dep\u00f3sito em pec\u00fania \u00e9 realizado em 04 (quatro) parcelas mensais que contemplam todos os dias letivos (segunda a sexta) do semestre. \u00a0 Para o semestre de 2012\/2 que teve in\u00edcio em 05\/11\/2012 o c\u00e1lculo foi efetuado com base em 83 dias &hellip; <\/p>\n<p class=\"link-more\"><a href=\"https:\/\/wp.ufpel.edu.br\/prae\/2013\/03\/11\/nota-de-esclarecimento-programa-auxilio-transporte-campus-capao-do-leao\/\" class=\"more-link\">Continue lendo<span class=\"screen-reader-text\"> &#8220;Nota de Esclarecimento &#8211;                                                                Programa Aux\u00edlio Transporte Campus Cap\u00e3o do Le\u00e3o&#8221;<\/span><\/a><\/p>\n","protected":false},"author":229,"featured_media":0,"comment_status":"closed","ping_status":"closed","sticky":false,"template":"","format":"standard","meta":{"footnotes":""},"categories":[1],"tags":[],"class_list":["post-1453","post","type-post","status-publish","format-standard","hentry","category-noticias"],"jetpack_featured_media_url":"","_links":{"self":[{"href":"https:\/\/wp.ufpel.edu.br\/prae\/wp-json\/wp\/v2\/posts\/1453","targetHints":{"allow":["GET"]}}],"collection":[{"href":"https:\/\/wp.ufpel.edu.br\/prae\/wp-json\/wp\/v2\/posts"}],"about":[{"href":"https:\/\/wp.ufpel.edu.br\/prae\/wp-json\/wp\/v2\/types\/post"}],"author":[{"embeddable":true,"href":"https:\/\/wp.ufpel.edu.br\/prae\/wp-json\/wp\/v2\/users\/229"}],"replies":[{"embeddable":true,"href":"https:\/\/wp.ufpel.edu.br\/prae\/wp-json\/wp\/v2\/comments?post=1453"}],"version-history":[{"count":9,"href":"https:\/\/wp.ufpel.edu.br\/prae\/wp-json\/wp\/v2\/posts\/1453\/revisions"}],"predecessor-version":[{"id":1462,"href":"https:\/\/wp.ufpel.edu.br\/prae\/wp-json\/wp\/v2\/posts\/1453\/revisions\/1462"}],"wp:attachment":[{"href":"https:\/\/wp.ufpel.edu.br\/prae\/wp-json\/wp\/v2\/media?parent=1453"}],"wp:term":[{"taxonomy":"category","embeddable":true,"href":"https:\/\/wp.ufpel.edu.br\/prae\/wp-json\/wp\/v2\/categories?post=1453"},{"taxonomy":"post_tag","embeddable":true,"href":"https:\/\/wp.ufpel.edu.br\/prae\/wp-json\/wp\/v2\/tags?post=1453"}],"curies":[{"name":"wp","href":"https:\/\/api.w.org\/{rel}","templated":true}]}}