{"id":1451,"date":"2013-03-11T11:41:47","date_gmt":"2013-03-11T14:41:47","guid":{"rendered":"https:\/\/wp.ufpel.edu.br\/prae\/?p=1451"},"modified":"2013-03-11T11:41:47","modified_gmt":"2013-03-11T14:41:47","slug":"entrega-vales-urbanos-ferias","status":"publish","type":"post","link":"https:\/\/wp.ufpel.edu.br\/prae\/2013\/03\/11\/entrega-vales-urbanos-ferias\/","title":{"rendered":"ENTREGA VALES URBANOS  &#8211; F\u00c9RIAS"},"content":{"rendered":"<p align=\"center\"><strong>ENTREGA DOS VALES URBANOS PARA ALUNOS QUE PERMANECER\u00c3O EM ATIVIDADE NO PER\u00cdODO DE F\u00c9RIAS:<\/strong><\/p>\n<p>&nbsp;<\/p>\n<h3 align=\"center\">DIAS 18 E 19\/03<\/h3>\n<p>&nbsp;<\/p>\n<p align=\"center\">LOCAL: <strong>SINDICATO DOS TRANSPORTES<\/strong><\/p>\n<p align=\"center\"><strong>Avenida Bento Gon\u00e7alves, 3372<\/strong><\/p>\n<p align=\"center\"><strong>\u00a0<\/strong><\/p>\n<p align=\"center\"><strong>HOR\u00c1RIO: 08:00 \u2013 11:30 \/ 14:00 \u2013 18:00<\/strong><\/p>\n<p align=\"center\"><strong>\u00a0<\/strong><\/p>\n<p align=\"center\"><strong>OBS: ALUNOS DOS CURSOS DE DIREITO, ECONOMIA, GEST\u00c3O DE COOP, GEST\u00c3O AMBIENTAL, AGROIND\u00daSTRIA E ENOLOGIA CONSTAR\u00c3O NA LISTA AUTOMATICAMENTE.<\/strong><\/p>\n<p align=\"center\"><strong>\u00a0<\/strong><\/p>\n","protected":false},"excerpt":{"rendered":"<p>ENTREGA DOS VALES URBANOS PARA ALUNOS QUE PERMANECER\u00c3O EM ATIVIDADE NO PER\u00cdODO DE F\u00c9RIAS: &nbsp; DIAS 18 E 19\/03 &nbsp; LOCAL: SINDICATO DOS TRANSPORTES Avenida Bento Gon\u00e7alves, 3372 \u00a0 HOR\u00c1RIO: 08:00 \u2013 11:30 \/ 14:00 \u2013 18:00 \u00a0 OBS: ALUNOS DOS CURSOS DE DIREITO, ECONOMIA, GEST\u00c3O DE COOP, GEST\u00c3O AMBIENTAL, AGROIND\u00daSTRIA E ENOLOGIA CONSTAR\u00c3O NA &hellip; <\/p>\n<p class=\"link-more\"><a href=\"https:\/\/wp.ufpel.edu.br\/prae\/2013\/03\/11\/entrega-vales-urbanos-ferias\/\" class=\"more-link\">Continue lendo<span class=\"screen-reader-text\"> &#8220;ENTREGA VALES URBANOS  &#8211; F\u00c9RIAS&#8221;<\/span><\/a><\/p>\n","protected":false},"author":229,"featured_media":0,"comment_status":"closed","ping_status":"closed","sticky":false,"template":"","format":"standard","meta":{"footnotes":""},"categories":[1],"tags":[],"class_list":["post-1451","post","type-post","status-publish","format-standard","hentry","category-noticias"],"jetpack_featured_media_url":"","_links":{"self":[{"href":"https:\/\/wp.ufpel.edu.br\/prae\/wp-json\/wp\/v2\/posts\/1451","targetHints":{"allow":["GET"]}}],"collection":[{"href":"https:\/\/wp.ufpel.edu.br\/prae\/wp-json\/wp\/v2\/posts"}],"about":[{"href":"https:\/\/wp.ufpel.edu.br\/prae\/wp-json\/wp\/v2\/types\/post"}],"author":[{"embeddable":true,"href":"https:\/\/wp.ufpel.edu.br\/prae\/wp-json\/wp\/v2\/users\/229"}],"replies":[{"embeddable":true,"href":"https:\/\/wp.ufpel.edu.br\/prae\/wp-json\/wp\/v2\/comments?post=1451"}],"version-history":[{"count":1,"href":"https:\/\/wp.ufpel.edu.br\/prae\/wp-json\/wp\/v2\/posts\/1451\/revisions"}],"predecessor-version":[{"id":1452,"href":"https:\/\/wp.ufpel.edu.br\/prae\/wp-json\/wp\/v2\/posts\/1451\/revisions\/1452"}],"wp:attachment":[{"href":"https:\/\/wp.ufpel.edu.br\/prae\/wp-json\/wp\/v2\/media?parent=1451"}],"wp:term":[{"taxonomy":"category","embeddable":true,"href":"https:\/\/wp.ufpel.edu.br\/prae\/wp-json\/wp\/v2\/categories?post=1451"},{"taxonomy":"post_tag","embeddable":true,"href":"https:\/\/wp.ufpel.edu.br\/prae\/wp-json\/wp\/v2\/tags?post=1451"}],"curies":[{"name":"wp","href":"https:\/\/api.w.org\/{rel}","templated":true}]}}