{"id":1450,"date":"2013-03-13T17:41:42","date_gmt":"2013-03-13T20:41:42","guid":{"rendered":"https:\/\/wp.ufpel.edu.br\/prae\/?p=1450"},"modified":"2013-03-13T17:41:42","modified_gmt":"2013-03-13T20:41:42","slug":"atencao-estudantes-da-prae","status":"publish","type":"post","link":"https:\/\/wp.ufpel.edu.br\/prae\/2013\/03\/13\/atencao-estudantes-da-prae\/","title":{"rendered":"ATEN\u00c7\u00c3O ESTUDANTES DA PRAE!"},"content":{"rendered":"<p>Informamos que quem estiver fora da cidade de Pelotas nos dias 13\/03, 14\/03 e 15\/03\/2013, e teve seu nome ou matr\u00edcula divulgados no cancelamento por Reavalia\u00e7\u00e3o Socioecon\u00f4mica e suspens\u00f5es por falta de aproveitamento em 2012-1, poder\u00e1 interpor recurso para o email da Coordenadoria de Benef\u00edcios, cb.prae@ufpel.edu.br, at\u00e9 \u00e0s 19h do dia 15\/03\/2013, impreterivelmente. \u00c0queles que possuem d\u00favidas quanto ao motivo do indeferimento no processo de reavalia\u00e7\u00e3o, dever\u00e3o entrar em contato por telefone com uma das Assistentes Sociais de plant\u00e3o, antes de enviar o recurso.<\/p>\n","protected":false},"excerpt":{"rendered":"<p>Informamos que quem estiver fora da cidade de Pelotas nos dias 13\/03, 14\/03 e 15\/03\/2013, e teve seu nome ou matr\u00edcula divulgados no cancelamento por Reavalia\u00e7\u00e3o Socioecon\u00f4mica e suspens\u00f5es por falta de aproveitamento em 2012-1, poder\u00e1 interpor recurso para o email da Coordenadoria de Benef\u00edcios, cb.prae@ufpel.edu.br, at\u00e9 \u00e0s 19h do dia 15\/03\/2013, impreterivelmente. \u00c0queles que &hellip; <\/p>\n<p class=\"link-more\"><a href=\"https:\/\/wp.ufpel.edu.br\/prae\/2013\/03\/13\/atencao-estudantes-da-prae\/\" class=\"more-link\">Continue lendo<span class=\"screen-reader-text\"> &#8220;ATEN\u00c7\u00c3O ESTUDANTES DA PRAE!&#8221;<\/span><\/a><\/p>\n","protected":false},"author":229,"featured_media":0,"comment_status":"closed","ping_status":"closed","sticky":false,"template":"","format":"standard","meta":{"footnotes":""},"categories":[1],"tags":[],"class_list":["post-1450","post","type-post","status-publish","format-standard","hentry","category-noticias"],"jetpack_featured_media_url":"","_links":{"self":[{"href":"https:\/\/wp.ufpel.edu.br\/prae\/wp-json\/wp\/v2\/posts\/1450","targetHints":{"allow":["GET"]}}],"collection":[{"href":"https:\/\/wp.ufpel.edu.br\/prae\/wp-json\/wp\/v2\/posts"}],"about":[{"href":"https:\/\/wp.ufpel.edu.br\/prae\/wp-json\/wp\/v2\/types\/post"}],"author":[{"embeddable":true,"href":"https:\/\/wp.ufpel.edu.br\/prae\/wp-json\/wp\/v2\/users\/229"}],"replies":[{"embeddable":true,"href":"https:\/\/wp.ufpel.edu.br\/prae\/wp-json\/wp\/v2\/comments?post=1450"}],"version-history":[{"count":1,"href":"https:\/\/wp.ufpel.edu.br\/prae\/wp-json\/wp\/v2\/posts\/1450\/revisions"}],"predecessor-version":[{"id":1491,"href":"https:\/\/wp.ufpel.edu.br\/prae\/wp-json\/wp\/v2\/posts\/1450\/revisions\/1491"}],"wp:attachment":[{"href":"https:\/\/wp.ufpel.edu.br\/prae\/wp-json\/wp\/v2\/media?parent=1450"}],"wp:term":[{"taxonomy":"category","embeddable":true,"href":"https:\/\/wp.ufpel.edu.br\/prae\/wp-json\/wp\/v2\/categories?post=1450"},{"taxonomy":"post_tag","embeddable":true,"href":"https:\/\/wp.ufpel.edu.br\/prae\/wp-json\/wp\/v2\/tags?post=1450"}],"curies":[{"name":"wp","href":"https:\/\/api.w.org\/{rel}","templated":true}]}}