{"id":14461,"date":"2023-01-30T10:18:12","date_gmt":"2023-01-30T13:18:12","guid":{"rendered":"https:\/\/wp.ufpel.edu.br\/prae\/?p=14461"},"modified":"2023-01-30T10:18:12","modified_gmt":"2023-01-30T13:18:12","slug":"funcionamento-ru-capao-dia-31-01","status":"publish","type":"post","link":"https:\/\/wp.ufpel.edu.br\/prae\/2023\/01\/30\/funcionamento-ru-capao-dia-31-01\/","title":{"rendered":"FUNCIONAMENTO RU CAP\u00c3O DIA 31.01"},"content":{"rendered":"<p>A Pr\u00f3-Reitora de Assuntos Estudantis informa que, em virtude da interrup\u00e7\u00e3o programada no fornecimento de energia el\u00e9trica, o RU Campus Cap\u00e3o do Le\u00e3o funcionar\u00e1 das 11h00min \u00e0s 13h00min na ter\u00e7a-feira (31\/01\/2023). Os demais RUs n\u00e3o sofrer\u00e3o altera\u00e7\u00e3o no hor\u00e1rio de funcionamento.<\/p>\n","protected":false},"excerpt":{"rendered":"<p>A Pr\u00f3-Reitora de Assuntos Estudantis informa que, em virtude da interrup\u00e7\u00e3o programada no fornecimento de energia el\u00e9trica, o RU Campus Cap\u00e3o do Le\u00e3o funcionar\u00e1 das 11h00min \u00e0s 13h00min na ter\u00e7a-feira (31\/01\/2023). Os demais RUs n\u00e3o sofrer\u00e3o altera\u00e7\u00e3o no hor\u00e1rio de funcionamento.<\/p>\n","protected":false},"author":229,"featured_media":0,"comment_status":"closed","ping_status":"closed","sticky":false,"template":"","format":"standard","meta":{"footnotes":""},"categories":[1,38889],"tags":[],"class_list":["post-14461","post","type-post","status-publish","format-standard","hentry","category-noticias","category-restaurante-universitario"],"jetpack_featured_media_url":"","_links":{"self":[{"href":"https:\/\/wp.ufpel.edu.br\/prae\/wp-json\/wp\/v2\/posts\/14461","targetHints":{"allow":["GET"]}}],"collection":[{"href":"https:\/\/wp.ufpel.edu.br\/prae\/wp-json\/wp\/v2\/posts"}],"about":[{"href":"https:\/\/wp.ufpel.edu.br\/prae\/wp-json\/wp\/v2\/types\/post"}],"author":[{"embeddable":true,"href":"https:\/\/wp.ufpel.edu.br\/prae\/wp-json\/wp\/v2\/users\/229"}],"replies":[{"embeddable":true,"href":"https:\/\/wp.ufpel.edu.br\/prae\/wp-json\/wp\/v2\/comments?post=14461"}],"version-history":[{"count":1,"href":"https:\/\/wp.ufpel.edu.br\/prae\/wp-json\/wp\/v2\/posts\/14461\/revisions"}],"predecessor-version":[{"id":14463,"href":"https:\/\/wp.ufpel.edu.br\/prae\/wp-json\/wp\/v2\/posts\/14461\/revisions\/14463"}],"wp:attachment":[{"href":"https:\/\/wp.ufpel.edu.br\/prae\/wp-json\/wp\/v2\/media?parent=14461"}],"wp:term":[{"taxonomy":"category","embeddable":true,"href":"https:\/\/wp.ufpel.edu.br\/prae\/wp-json\/wp\/v2\/categories?post=14461"},{"taxonomy":"post_tag","embeddable":true,"href":"https:\/\/wp.ufpel.edu.br\/prae\/wp-json\/wp\/v2\/tags?post=14461"}],"curies":[{"name":"wp","href":"https:\/\/api.w.org\/{rel}","templated":true}]}}