{"id":14344,"date":"2022-12-14T19:17:50","date_gmt":"2022-12-14T22:17:50","guid":{"rendered":"https:\/\/wp.ufpel.edu.br\/prae\/?p=14344"},"modified":"2022-12-14T19:17:50","modified_gmt":"2022-12-14T22:17:50","slug":"ufpel-aprova-novo-programa-de-assistencia-para-estudantes-com-necessidades-alimentares-restritivas","status":"publish","type":"post","link":"https:\/\/wp.ufpel.edu.br\/prae\/2022\/12\/14\/ufpel-aprova-novo-programa-de-assistencia-para-estudantes-com-necessidades-alimentares-restritivas\/","title":{"rendered":"UFPel aprova novo programa de assist\u00eancia para estudantes com Necessidades Alimentares Restritivas"},"content":{"rendered":"<p>Estudantes da Universidade Federal de Pelotas (UFPel) com necessidades alimentares restritivas passaram a ter direito a um novo programa de aux\u00edlio estudantil: Programa de Aux\u00edlio Alimenta\u00e7\u00e3o para Estudantes com Necessidades Alimentares Restritivas (PNAR).<\/p>\n<p>O PNAR foi aprovado em setembro pela\u00a0<a href=\"https:\/\/wp.ufpel.edu.br\/scs\/files\/2022\/09\/SEI_UFPel-1850207-Resolucao-44.2022.pdf\">Resolu\u00e7\u00e3o n\u00ba 44\/2022<\/a>\u00a0do Conselho Coordenador do Ensino, da Pesquisa e da Extens\u00e3o (Cocepe), que institui um Aux\u00edlio Alimenta\u00e7\u00e3o para estudantes com necessidades alimentares restritivas em tr\u00eas modalidades.<\/p>\n<p>A primeira \u00e9 referente ao Pagamento de Bolsa Alimenta\u00e7\u00e3o no valor de R$ 500,00 mensais para estudantes que n\u00e3o possam frequentar os Restaurantes Universit\u00e1rios (RUs) e que possuam renda per capita familiar inferior a \u2154 (dois ter\u00e7os) do sal\u00e1rio m\u00ednimo nacional vigente.<\/p>\n<p>Outra modalidade \u00e9 o Pagamento de Bolsa Alimenta\u00e7\u00e3o no valor de R$ 300,00 mensais para estudantes que n\u00e3o possam frequentar os RUs e que possuam renda per capita familiar inferior a um sal\u00e1rio m\u00ednimo nacional vigente.<\/p>\n<p>Outra forma do PNAR \u00e9 o Pagamento de Bolsa Alimenta\u00e7\u00e3o no valor de R$ 200,00 mensais para estudantes que n\u00e3o possam frequentar os RUs, com renda de at\u00e9 um sal\u00e1rio m\u00ednimo e meio.<\/p>\n<p>O montante necess\u00e1rio para cobrir os custos do acr\u00e9scimo vir\u00e1 de uma requalifica\u00e7\u00e3o da destina\u00e7\u00e3o de valores do Programa Nacional de Assist\u00eancia Estudantil (PNAES), por meio do trabalho da Pr\u00f3-Reitoria de Assuntos Estudantis (Prae).<\/p>\n<p>Para solicitar o PNAR \u00e9 preciso apresentar laudo m\u00e9dico que comprove a(s) necessidade(s) alimentare(s) restritiva(s) que inviabiliza(m) a alimenta\u00e7\u00e3o junto aos Restaurantes Universit\u00e1rios da UFPel, conforme a\u00a0<a href=\"https:\/\/wp.ufpel.edu.br\/scs\/files\/2022\/09\/SEI_UFPel-1850207-Resolucao-44.2022.pdf\">Resolu\u00e7\u00e3o 44\/2022<\/a>.<\/p>\n<p>De acordo com o documento, s\u00e3o consideradas necessidades alimentares restritivas as altera\u00e7\u00f5es metab\u00f3licas ou fisiol\u00f3gicas que causem mudan\u00e7as, tempor\u00e1rias ou permanentes, relacionadas \u00e0 utiliza\u00e7\u00e3o biol\u00f3gica de nutrientes.<\/p>\n<p>Consideram-se a doen\u00e7a cel\u00edaca, intoler\u00e2ncias alimentares como \u00e0 lactose e\/ou ao gl\u00faten, doen\u00e7a de Crohn, diabetes do tipo I ou do tipo II, alergias alimentares, transtornos alimentares, bem como qualquer outra condi\u00e7\u00e3o que comprovadamente implique em necessidade diet\u00e9tica que impe\u00e7a\/impossibilite o comensal de realizar suas refei\u00e7\u00f5es nos RUs da UFPel.<\/p>\n<p>A resolu\u00e7\u00e3o ainda determina que tamb\u00e9m s\u00e3o consideradas necessidades alimentares restritivas aquelas apresentadas por pessoas com defici\u00eancias, Transtornos Globais do Desenvolvimento, Altas Habilidades ou Superdota\u00e7\u00e3o, Transtorno do Espectro Autista ou qualquer outra condi\u00e7\u00e3o que comprovadamente implique na necessidade de dieta espec\u00edfica.<\/p>\n<p>Os estudantes com necessidades alimentares restritivas que j\u00e1 s\u00e3o benefici\u00e1rios da Prae e hoje est\u00e3o cadastrados ao Programa de Aux\u00edlio Alimenta\u00e7\u00e3o (PAA) j\u00e1 podem solicitar a migra\u00e7\u00e3o de benef\u00edcio PAA \u2013 PNAR pelo formul\u00e1rio dispon\u00edvel na aba \u201cAtendimento Digital\u201d no\u00a0<a href=\"https:\/\/wp.ufpel.edu.br\/prae\/atendimento-digital\/\">site da Prae<\/a>.<\/p>\n<p>Os estudantes com necessidades alimentares restritivas que ainda n\u00e3o s\u00e3o benefici\u00e1rios da Prae devem aguardar novo Edital de Benef\u00edcios para solicita\u00e7\u00e3o do PNAR.<\/p>\n<p>Post original em:\u00a0<a href=\"https:\/\/ccs2.ufpel.edu.br\/wp\/2022\/12\/14\/ufpel-aprova-novo-programa-de-assistencia-para-estudantes-com-necessidades-alimentares-restritivas\/\">https:\/\/ccs2.ufpel.edu.br\/wp\/2022\/12\/14\/ufpel-aprova-novo-programa-de-assistencia-para-estudantes-com-necessidades-alimentares-restritivas\/<\/a><\/p>\n<p><a href=\"https:\/\/wp.ufpel.edu.br\/prae\/files\/2022\/01\/Marca-PRAE-8-1.png\"><img loading=\"lazy\" decoding=\"async\" class=\"size-medium wp-image-12893 aligncenter\" src=\"https:\/\/wp.ufpel.edu.br\/prae\/files\/2022\/01\/Marca-PRAE-8-1-400x172.png\" alt=\"\" width=\"400\" height=\"172\" srcset=\"https:\/\/wp.ufpel.edu.br\/prae\/files\/2022\/01\/Marca-PRAE-8-1-400x172.png 400w, https:\/\/wp.ufpel.edu.br\/prae\/files\/2022\/01\/Marca-PRAE-8-1-1024x441.png 1024w, https:\/\/wp.ufpel.edu.br\/prae\/files\/2022\/01\/Marca-PRAE-8-1-768x330.png 768w, https:\/\/wp.ufpel.edu.br\/prae\/files\/2022\/01\/Marca-PRAE-8-1.png 1218w\" sizes=\"auto, (max-width: 400px) 100vw, 400px\" \/><\/a><\/p>\n","protected":false},"excerpt":{"rendered":"<p>Estudantes da Universidade Federal de Pelotas (UFPel) com necessidades alimentares restritivas passaram a ter direito a um novo programa de aux\u00edlio estudantil: Programa de Aux\u00edlio Alimenta\u00e7\u00e3o para Estudantes com Necessidades Alimentares Restritivas (PNAR). O PNAR foi aprovado em setembro pela\u00a0Resolu\u00e7\u00e3o n\u00ba 44\/2022\u00a0do Conselho Coordenador do Ensino, da Pesquisa e da Extens\u00e3o (Cocepe), que institui um &hellip; <\/p>\n<p class=\"link-more\"><a href=\"https:\/\/wp.ufpel.edu.br\/prae\/2022\/12\/14\/ufpel-aprova-novo-programa-de-assistencia-para-estudantes-com-necessidades-alimentares-restritivas\/\" class=\"more-link\">Continue lendo<span class=\"screen-reader-text\"> &#8220;UFPel aprova novo programa de assist\u00eancia para estudantes com Necessidades Alimentares Restritivas&#8221;<\/span><\/a><\/p>\n","protected":false},"author":229,"featured_media":0,"comment_status":"closed","ping_status":"closed","sticky":false,"template":"","format":"standard","meta":{"footnotes":""},"categories":[76157,1],"tags":[],"class_list":["post-14344","post","type-post","status-publish","format-standard","hentry","category-cpe-noticias","category-noticias"],"jetpack_featured_media_url":"","_links":{"self":[{"href":"https:\/\/wp.ufpel.edu.br\/prae\/wp-json\/wp\/v2\/posts\/14344","targetHints":{"allow":["GET"]}}],"collection":[{"href":"https:\/\/wp.ufpel.edu.br\/prae\/wp-json\/wp\/v2\/posts"}],"about":[{"href":"https:\/\/wp.ufpel.edu.br\/prae\/wp-json\/wp\/v2\/types\/post"}],"author":[{"embeddable":true,"href":"https:\/\/wp.ufpel.edu.br\/prae\/wp-json\/wp\/v2\/users\/229"}],"replies":[{"embeddable":true,"href":"https:\/\/wp.ufpel.edu.br\/prae\/wp-json\/wp\/v2\/comments?post=14344"}],"version-history":[{"count":1,"href":"https:\/\/wp.ufpel.edu.br\/prae\/wp-json\/wp\/v2\/posts\/14344\/revisions"}],"predecessor-version":[{"id":14346,"href":"https:\/\/wp.ufpel.edu.br\/prae\/wp-json\/wp\/v2\/posts\/14344\/revisions\/14346"}],"wp:attachment":[{"href":"https:\/\/wp.ufpel.edu.br\/prae\/wp-json\/wp\/v2\/media?parent=14344"}],"wp:term":[{"taxonomy":"category","embeddable":true,"href":"https:\/\/wp.ufpel.edu.br\/prae\/wp-json\/wp\/v2\/categories?post=14344"},{"taxonomy":"post_tag","embeddable":true,"href":"https:\/\/wp.ufpel.edu.br\/prae\/wp-json\/wp\/v2\/tags?post=14344"}],"curies":[{"name":"wp","href":"https:\/\/api.w.org\/{rel}","templated":true}]}}