{"id":14332,"date":"2022-12-09T16:57:54","date_gmt":"2022-12-09T19:57:54","guid":{"rendered":"https:\/\/wp.ufpel.edu.br\/prae\/?p=14332"},"modified":"2022-12-09T16:57:54","modified_gmt":"2022-12-09T19:57:54","slug":"edital-cpe-prae-02-2022-moradia-estudantil-para-pos-graduacao-9a-lista-de-classificacao-geral","status":"publish","type":"post","link":"https:\/\/wp.ufpel.edu.br\/prae\/2022\/12\/09\/edital-cpe-prae-02-2022-moradia-estudantil-para-pos-graduacao-9a-lista-de-classificacao-geral\/","title":{"rendered":"Edital CPE\/PRAE 02\/2022 Moradia Estudantil para P\u00f3s-Gradua\u00e7\u00e3o \u2013 9\u00aa Lista de Classifica\u00e7\u00e3o Geral"},"content":{"rendered":"<p>A Pr\u00f3-Reitoria de Assuntos Estudantis, atrav\u00e9s da Coordena\u00e7\u00e3o de Pol\u00edticas Estudantis, torna p\u00fablico a<strong>\u00a08\u00aa Lista de Classifica\u00e7\u00e3o Geral do Edital CPE\/PRAE 02\/2022 Moradia Estudantil para P\u00f3s-Gradua\u00e7\u00e3o<\/strong>,<\/p>\n<p><a href=\"https:\/\/wp.ufpel.edu.br\/prae\/files\/2022\/04\/SEI_23110.003994_2022_98-5.pdf\" target=\"_blank\" rel=\"noopener\">9\u00ba Lista de Classifica\u00e7\u00e3o Geral (Inscri\u00e7\u00f5es at\u00e9 30\/11\/2022)<\/a>(atualize o documento)<\/p>\n<p>Prazo para Recurso: 5(cinco) dias \u00fateis (at\u00e9 16\/12 \u00e0s 18h)<\/p>\n<p>Previs\u00e3o para Lista Final de Classifica\u00e7\u00e3o Geral: at\u00e9 dia 19\/12\/22.<\/p>\n","protected":false},"excerpt":{"rendered":"<p>A Pr\u00f3-Reitoria de Assuntos Estudantis, atrav\u00e9s da Coordena\u00e7\u00e3o de Pol\u00edticas Estudantis, torna p\u00fablico a\u00a08\u00aa Lista de Classifica\u00e7\u00e3o Geral do Edital CPE\/PRAE 02\/2022 Moradia Estudantil para P\u00f3s-Gradua\u00e7\u00e3o, 9\u00ba Lista de Classifica\u00e7\u00e3o Geral (Inscri\u00e7\u00f5es at\u00e9 30\/11\/2022)(atualize o documento) Prazo para Recurso: 5(cinco) dias \u00fateis (at\u00e9 16\/12 \u00e0s 18h) Previs\u00e3o para Lista Final de Classifica\u00e7\u00e3o Geral: at\u00e9 dia &hellip; <\/p>\n<p class=\"link-more\"><a href=\"https:\/\/wp.ufpel.edu.br\/prae\/2022\/12\/09\/edital-cpe-prae-02-2022-moradia-estudantil-para-pos-graduacao-9a-lista-de-classificacao-geral\/\" class=\"more-link\">Continue lendo<span class=\"screen-reader-text\"> &#8220;Edital CPE\/PRAE 02\/2022 Moradia Estudantil para P\u00f3s-Gradua\u00e7\u00e3o \u2013 9\u00aa Lista de Classifica\u00e7\u00e3o Geral&#8221;<\/span><\/a><\/p>\n","protected":false},"author":229,"featured_media":0,"comment_status":"closed","ping_status":"closed","sticky":false,"template":"","format":"standard","meta":{"footnotes":""},"categories":[76157,1],"tags":[],"class_list":["post-14332","post","type-post","status-publish","format-standard","hentry","category-cpe-noticias","category-noticias"],"jetpack_featured_media_url":"","_links":{"self":[{"href":"https:\/\/wp.ufpel.edu.br\/prae\/wp-json\/wp\/v2\/posts\/14332","targetHints":{"allow":["GET"]}}],"collection":[{"href":"https:\/\/wp.ufpel.edu.br\/prae\/wp-json\/wp\/v2\/posts"}],"about":[{"href":"https:\/\/wp.ufpel.edu.br\/prae\/wp-json\/wp\/v2\/types\/post"}],"author":[{"embeddable":true,"href":"https:\/\/wp.ufpel.edu.br\/prae\/wp-json\/wp\/v2\/users\/229"}],"replies":[{"embeddable":true,"href":"https:\/\/wp.ufpel.edu.br\/prae\/wp-json\/wp\/v2\/comments?post=14332"}],"version-history":[{"count":1,"href":"https:\/\/wp.ufpel.edu.br\/prae\/wp-json\/wp\/v2\/posts\/14332\/revisions"}],"predecessor-version":[{"id":14334,"href":"https:\/\/wp.ufpel.edu.br\/prae\/wp-json\/wp\/v2\/posts\/14332\/revisions\/14334"}],"wp:attachment":[{"href":"https:\/\/wp.ufpel.edu.br\/prae\/wp-json\/wp\/v2\/media?parent=14332"}],"wp:term":[{"taxonomy":"category","embeddable":true,"href":"https:\/\/wp.ufpel.edu.br\/prae\/wp-json\/wp\/v2\/categories?post=14332"},{"taxonomy":"post_tag","embeddable":true,"href":"https:\/\/wp.ufpel.edu.br\/prae\/wp-json\/wp\/v2\/tags?post=14332"}],"curies":[{"name":"wp","href":"https:\/\/api.w.org\/{rel}","templated":true}]}}