{"id":14326,"date":"2022-12-08T16:24:33","date_gmt":"2022-12-08T19:24:33","guid":{"rendered":"https:\/\/wp.ufpel.edu.br\/prae\/?p=14326"},"modified":"2022-12-08T16:24:33","modified_gmt":"2022-12-08T19:24:33","slug":"ufpel-torna-gratuitos-almoco-e-jantar-para-bolsistas-afetados-pelo-corte","status":"publish","type":"post","link":"https:\/\/wp.ufpel.edu.br\/prae\/2022\/12\/08\/ufpel-torna-gratuitos-almoco-e-jantar-para-bolsistas-afetados-pelo-corte\/","title":{"rendered":"UFPel torna gratuitos almo\u00e7o e jantar para bolsistas afetados pelo corte"},"content":{"rendered":"<p style=\"text-align: justify\"><a href=\"https:\/\/ccs2.ufpel.edu.br\/wp\/wp-content\/uploads\/2022\/12\/ru-gratuito-bolsistas.png\"><img loading=\"lazy\" decoding=\"async\" class=\"size-medium wp-image-115863 alignleft\" src=\"https:\/\/ccs2.ufpel.edu.br\/wp\/wp-content\/uploads\/2022\/12\/ru-gratuito-bolsistas-320x400.png\" alt=\"\" width=\"320\" height=\"400\" data-attachment-id=\"115863\" data-permalink=\"https:\/\/ccs2.ufpel.edu.br\/wp\/2022\/12\/08\/ufpel-torna-gratuitos-almoco-e-jantar-para-bolsistas-afetados-pelo-corte\/ru-gratuito-bolsistas\/\" data-orig-file=\"https:\/\/ccs2.ufpel.edu.br\/wp\/wp-content\/uploads\/2022\/12\/ru-gratuito-bolsistas.png\" data-orig-size=\"1865,2331\" data-comments-opened=\"0\" data-image-meta=\"{&quot;aperture&quot;:&quot;0&quot;,&quot;credit&quot;:&quot;&quot;,&quot;camera&quot;:&quot;&quot;,&quot;caption&quot;:&quot;&quot;,&quot;created_timestamp&quot;:&quot;0&quot;,&quot;copyright&quot;:&quot;&quot;,&quot;focal_length&quot;:&quot;0&quot;,&quot;iso&quot;:&quot;0&quot;,&quot;shutter_speed&quot;:&quot;0&quot;,&quot;title&quot;:&quot;&quot;,&quot;orientation&quot;:&quot;0&quot;}\" data-image-title=\"ru gratuito bolsistas\" data-image-description=\"\" data-image-caption=\"\" data-medium-file=\"https:\/\/ccs2.ufpel.edu.br\/wp\/wp-content\/uploads\/2022\/12\/ru-gratuito-bolsistas-320x400.png\" data-large-file=\"https:\/\/ccs2.ufpel.edu.br\/wp\/wp-content\/uploads\/2022\/12\/ru-gratuito-bolsistas-819x1024.png\" \/><\/a>Para amenizar as dificuldades impostas com o calote realizado pelo Governo Federal e que est\u00e3o inviabilizando diversos pagamentos a terceiros e assist\u00eancias a estudantes, a Gest\u00e3o da Universidade Federal de Pelotas (UFPel) liberou temporariamente almo\u00e7o e jantar de forma gratuita a todas e todos os bolsistas de Gradua\u00e7\u00e3o e P\u00f3s-Gradua\u00e7\u00e3o a partir da noite desta quinta-feira, dia 08\/12\/2022. Tal a\u00e7\u00e3o \u00e9 v\u00e1lida at\u00e9 que as bolsas sejam pagas.<\/p>\n<div class=\"sharedaddy sd-sharing-enabled\">Post original em\u00a0<a href=\"https:\/\/ccs2.ufpel.edu.br\/wp\/2022\/12\/08\/ufpel-torna-gratuitos-almoco-e-jantar-para-bolsistas-afetados-pelo-corte\/\">https:\/\/ccs2.ufpel.edu.br\/wp\/2022\/12\/08\/ufpel-torna-gratuitos-almoco-e-jantar-para-bolsistas-afetados-pelo-corte\/<\/a><\/div>\n","protected":false},"excerpt":{"rendered":"<p>Para amenizar as dificuldades impostas com o calote realizado pelo Governo Federal e que est\u00e3o inviabilizando diversos pagamentos a terceiros e assist\u00eancias a estudantes, a Gest\u00e3o da Universidade Federal de Pelotas (UFPel) liberou temporariamente almo\u00e7o e jantar de forma gratuita a todas e todos os bolsistas de Gradua\u00e7\u00e3o e P\u00f3s-Gradua\u00e7\u00e3o a partir da noite desta &hellip; <\/p>\n<p class=\"link-more\"><a href=\"https:\/\/wp.ufpel.edu.br\/prae\/2022\/12\/08\/ufpel-torna-gratuitos-almoco-e-jantar-para-bolsistas-afetados-pelo-corte\/\" class=\"more-link\">Continue lendo<span class=\"screen-reader-text\"> &#8220;UFPel torna gratuitos almo\u00e7o e jantar para bolsistas afetados pelo corte&#8221;<\/span><\/a><\/p>\n","protected":false},"author":229,"featured_media":0,"comment_status":"closed","ping_status":"closed","sticky":false,"template":"","format":"standard","meta":{"footnotes":""},"categories":[1,38889],"tags":[],"class_list":["post-14326","post","type-post","status-publish","format-standard","hentry","category-noticias","category-restaurante-universitario"],"jetpack_featured_media_url":"","_links":{"self":[{"href":"https:\/\/wp.ufpel.edu.br\/prae\/wp-json\/wp\/v2\/posts\/14326","targetHints":{"allow":["GET"]}}],"collection":[{"href":"https:\/\/wp.ufpel.edu.br\/prae\/wp-json\/wp\/v2\/posts"}],"about":[{"href":"https:\/\/wp.ufpel.edu.br\/prae\/wp-json\/wp\/v2\/types\/post"}],"author":[{"embeddable":true,"href":"https:\/\/wp.ufpel.edu.br\/prae\/wp-json\/wp\/v2\/users\/229"}],"replies":[{"embeddable":true,"href":"https:\/\/wp.ufpel.edu.br\/prae\/wp-json\/wp\/v2\/comments?post=14326"}],"version-history":[{"count":1,"href":"https:\/\/wp.ufpel.edu.br\/prae\/wp-json\/wp\/v2\/posts\/14326\/revisions"}],"predecessor-version":[{"id":14328,"href":"https:\/\/wp.ufpel.edu.br\/prae\/wp-json\/wp\/v2\/posts\/14326\/revisions\/14328"}],"wp:attachment":[{"href":"https:\/\/wp.ufpel.edu.br\/prae\/wp-json\/wp\/v2\/media?parent=14326"}],"wp:term":[{"taxonomy":"category","embeddable":true,"href":"https:\/\/wp.ufpel.edu.br\/prae\/wp-json\/wp\/v2\/categories?post=14326"},{"taxonomy":"post_tag","embeddable":true,"href":"https:\/\/wp.ufpel.edu.br\/prae\/wp-json\/wp\/v2\/tags?post=14326"}],"curies":[{"name":"wp","href":"https:\/\/api.w.org\/{rel}","templated":true}]}}