{"id":14250,"date":"2022-11-16T22:10:30","date_gmt":"2022-11-17T01:10:30","guid":{"rendered":"https:\/\/wp.ufpel.edu.br\/prae\/?p=14250"},"modified":"2022-11-16T22:13:44","modified_gmt":"2022-11-17T01:13:44","slug":"formatura-institucional-resultado-final","status":"publish","type":"post","link":"https:\/\/wp.ufpel.edu.br\/prae\/2022\/11\/16\/formatura-institucional-resultado-final\/","title":{"rendered":"FORMATURA INSTITUCIONAL \u2013 RESULTADO FINAL"},"content":{"rendered":"<p><img loading=\"lazy\" decoding=\"async\" class=\"size-medium wp-image-111214 alignleft\" src=\"http:\/\/ccs2.ufpel.edu.br\/wp\/wp-content\/uploads\/2022\/05\/DSC9207-400x267.jpg\" alt=\"\" width=\"400\" height=\"267\" data-attachment-id=\"111214\" data-permalink=\"https:\/\/ccs2.ufpel.edu.br\/wp\/2022\/05\/16\/inscricoes-para-formatura-institucional-comecam-no-dia-23\/_dsc9207\/\" data-orig-file=\"https:\/\/ccs2.ufpel.edu.br\/wp\/wp-content\/uploads\/2022\/05\/DSC9207.jpg\" data-orig-size=\"2048,1367\" data-comments-opened=\"0\" data-image-meta=\"{&quot;aperture&quot;:&quot;4.5&quot;,&quot;credit&quot;:&quot;&quot;,&quot;camera&quot;:&quot;NIKON D750&quot;,&quot;caption&quot;:&quot;&quot;,&quot;created_timestamp&quot;:&quot;1648226105&quot;,&quot;copyright&quot;:&quot;&quot;,&quot;focal_length&quot;:&quot;50&quot;,&quot;iso&quot;:&quot;1600&quot;,&quot;shutter_speed&quot;:&quot;0.004&quot;,&quot;title&quot;:&quot;&quot;,&quot;orientation&quot;:&quot;0&quot;}\" data-image-title=\"_DSC9207\" data-image-description=\"\" data-image-caption=\"\" data-medium-file=\"https:\/\/ccs2.ufpel.edu.br\/wp\/wp-content\/uploads\/2022\/05\/DSC9207-400x267.jpg\" data-large-file=\"https:\/\/ccs2.ufpel.edu.br\/wp\/wp-content\/uploads\/2022\/05\/DSC9207-1024x684.jpg\" \/><\/p>\n<p>&nbsp;<\/p>\n<p>A Universidade Federal de Pelotas (UFPel) divulga o Resultado Final de inscri\u00e7\u00f5es homologadas e n\u00e3o-homologadas para a pr\u00f3xima Formatura Institucional. A solenidade ser\u00e1 para estudantes graduandos de 2022-1.<\/p>\n<p>O resultado final est\u00e1 dispon\u00edvel aqui: <a href=\"https:\/\/wp.ufpel.edu.br\/prae\/files\/2022\/10\/SEI_23110.039202_2022_13-1.pdf\" target=\"_blank\" rel=\"noopener\">LISTA FINAL DE CANDIDATOS HOMOLOGADOS E N\u00c3O-HOMOLOGADOS<\/a>(ATUALIZE O DOCUMENTO)<\/p>\n<p>&nbsp;<\/p>\n","protected":false},"excerpt":{"rendered":"<p>&nbsp; A Universidade Federal de Pelotas (UFPel) divulga o Resultado Final de inscri\u00e7\u00f5es homologadas e n\u00e3o-homologadas para a pr\u00f3xima Formatura Institucional. A solenidade ser\u00e1 para estudantes graduandos de 2022-1. O resultado final est\u00e1 dispon\u00edvel aqui: LISTA FINAL DE CANDIDATOS HOMOLOGADOS E N\u00c3O-HOMOLOGADOS(ATUALIZE O DOCUMENTO) &nbsp;<\/p>\n","protected":false},"author":229,"featured_media":0,"comment_status":"closed","ping_status":"closed","sticky":false,"template":"","format":"standard","meta":{"footnotes":""},"categories":[1,76156],"tags":[],"class_list":["post-14250","post","type-post","status-publish","format-standard","hentry","category-noticias","category-formaturas-institucionais-noticias"],"jetpack_featured_media_url":"","_links":{"self":[{"href":"https:\/\/wp.ufpel.edu.br\/prae\/wp-json\/wp\/v2\/posts\/14250","targetHints":{"allow":["GET"]}}],"collection":[{"href":"https:\/\/wp.ufpel.edu.br\/prae\/wp-json\/wp\/v2\/posts"}],"about":[{"href":"https:\/\/wp.ufpel.edu.br\/prae\/wp-json\/wp\/v2\/types\/post"}],"author":[{"embeddable":true,"href":"https:\/\/wp.ufpel.edu.br\/prae\/wp-json\/wp\/v2\/users\/229"}],"replies":[{"embeddable":true,"href":"https:\/\/wp.ufpel.edu.br\/prae\/wp-json\/wp\/v2\/comments?post=14250"}],"version-history":[{"count":4,"href":"https:\/\/wp.ufpel.edu.br\/prae\/wp-json\/wp\/v2\/posts\/14250\/revisions"}],"predecessor-version":[{"id":14255,"href":"https:\/\/wp.ufpel.edu.br\/prae\/wp-json\/wp\/v2\/posts\/14250\/revisions\/14255"}],"wp:attachment":[{"href":"https:\/\/wp.ufpel.edu.br\/prae\/wp-json\/wp\/v2\/media?parent=14250"}],"wp:term":[{"taxonomy":"category","embeddable":true,"href":"https:\/\/wp.ufpel.edu.br\/prae\/wp-json\/wp\/v2\/categories?post=14250"},{"taxonomy":"post_tag","embeddable":true,"href":"https:\/\/wp.ufpel.edu.br\/prae\/wp-json\/wp\/v2\/tags?post=14250"}],"curies":[{"name":"wp","href":"https:\/\/api.w.org\/{rel}","templated":true}]}}