{"id":13971,"date":"2022-08-25T18:07:05","date_gmt":"2022-08-25T21:07:05","guid":{"rendered":"https:\/\/wp.ufpel.edu.br\/prae\/?p=13971"},"modified":"2022-08-26T12:12:44","modified_gmt":"2022-08-26T15:12:44","slug":"edital-09-2022-bolsas-de-desenvolvimento-institucional","status":"publish","type":"post","link":"https:\/\/wp.ufpel.edu.br\/prae\/2022\/08\/25\/edital-09-2022-bolsas-de-desenvolvimento-institucional\/","title":{"rendered":"Edital 09\/2022 \u2013 Bolsas de Desenvolvimento Institucional"},"content":{"rendered":"<p>A Pr\u00f3-Reitoria de Assuntos Estudantis e a Pr\u00f3-Reitoria de Planejamento e Desenvolvimento tornam p\u00fablico o edital para sele\u00e7\u00e3o de bolsistas junto ao Programa de Bolsas de Desenvolvimento Institucional &#8211; BDI.<\/p>\n<p>Destina-se a PRAE 1 vaga Demanda Social (DS), para estudantes dos Cursos de Jornalismo ou Administra\u00e7\u00e3o ou Turismo.<\/p>\n<p>As inscri\u00e7\u00f5es ser\u00e3o recebidas de 24\/08\/22 a 02\/09\/22 via e-mail <em>c.apoiopermanencia@gmail.com<\/em><\/p>\n<p>Maiores informa\u00e7\u00f5es no Edital dispon\u00edvel\u00a0 <a href=\"https:\/\/wp.ufpel.edu.br\/prae\/files\/2022\/08\/SEI_23110.041539_2021_18.pdf\" target=\"_blank\" rel=\"noopener\">AQUI<\/a><\/p>\n<p><a href=\"https:\/\/wp.ufpel.edu.br\/prae\/files\/2022\/01\/Marca-PRAE-8-1.png\"><img loading=\"lazy\" decoding=\"async\" class=\"size-medium wp-image-12893 aligncenter\" src=\"https:\/\/wp.ufpel.edu.br\/prae\/files\/2022\/01\/Marca-PRAE-8-1-400x172.png\" alt=\"\" width=\"400\" height=\"172\" srcset=\"https:\/\/wp.ufpel.edu.br\/prae\/files\/2022\/01\/Marca-PRAE-8-1-400x172.png 400w, https:\/\/wp.ufpel.edu.br\/prae\/files\/2022\/01\/Marca-PRAE-8-1-1024x441.png 1024w, https:\/\/wp.ufpel.edu.br\/prae\/files\/2022\/01\/Marca-PRAE-8-1-768x330.png 768w, https:\/\/wp.ufpel.edu.br\/prae\/files\/2022\/01\/Marca-PRAE-8-1.png 1218w\" sizes=\"auto, (max-width: 400px) 100vw, 400px\" \/><\/a><\/p>\n<p>&nbsp;<\/p>\n","protected":false},"excerpt":{"rendered":"<p>A Pr\u00f3-Reitoria de Assuntos Estudantis e a Pr\u00f3-Reitoria de Planejamento e Desenvolvimento tornam p\u00fablico o edital para sele\u00e7\u00e3o de bolsistas junto ao Programa de Bolsas de Desenvolvimento Institucional &#8211; BDI. Destina-se a PRAE 1 vaga Demanda Social (DS), para estudantes dos Cursos de Jornalismo ou Administra\u00e7\u00e3o ou Turismo. As inscri\u00e7\u00f5es ser\u00e3o recebidas de 24\/08\/22 a &hellip; <\/p>\n<p class=\"link-more\"><a href=\"https:\/\/wp.ufpel.edu.br\/prae\/2022\/08\/25\/edital-09-2022-bolsas-de-desenvolvimento-institucional\/\" class=\"more-link\">Continue lendo<span class=\"screen-reader-text\"> &#8220;Edital 09\/2022 \u2013 Bolsas de Desenvolvimento Institucional&#8221;<\/span><\/a><\/p>\n","protected":false},"author":229,"featured_media":0,"comment_status":"closed","ping_status":"closed","sticky":false,"template":"","format":"standard","meta":{"footnotes":""},"categories":[1,76156],"tags":[],"class_list":["post-13971","post","type-post","status-publish","format-standard","hentry","category-noticias","category-formaturas-institucionais-noticias"],"jetpack_featured_media_url":"","_links":{"self":[{"href":"https:\/\/wp.ufpel.edu.br\/prae\/wp-json\/wp\/v2\/posts\/13971","targetHints":{"allow":["GET"]}}],"collection":[{"href":"https:\/\/wp.ufpel.edu.br\/prae\/wp-json\/wp\/v2\/posts"}],"about":[{"href":"https:\/\/wp.ufpel.edu.br\/prae\/wp-json\/wp\/v2\/types\/post"}],"author":[{"embeddable":true,"href":"https:\/\/wp.ufpel.edu.br\/prae\/wp-json\/wp\/v2\/users\/229"}],"replies":[{"embeddable":true,"href":"https:\/\/wp.ufpel.edu.br\/prae\/wp-json\/wp\/v2\/comments?post=13971"}],"version-history":[{"count":2,"href":"https:\/\/wp.ufpel.edu.br\/prae\/wp-json\/wp\/v2\/posts\/13971\/revisions"}],"predecessor-version":[{"id":13979,"href":"https:\/\/wp.ufpel.edu.br\/prae\/wp-json\/wp\/v2\/posts\/13971\/revisions\/13979"}],"wp:attachment":[{"href":"https:\/\/wp.ufpel.edu.br\/prae\/wp-json\/wp\/v2\/media?parent=13971"}],"wp:term":[{"taxonomy":"category","embeddable":true,"href":"https:\/\/wp.ufpel.edu.br\/prae\/wp-json\/wp\/v2\/categories?post=13971"},{"taxonomy":"post_tag","embeddable":true,"href":"https:\/\/wp.ufpel.edu.br\/prae\/wp-json\/wp\/v2\/tags?post=13971"}],"curies":[{"name":"wp","href":"https:\/\/api.w.org\/{rel}","templated":true}]}}