{"id":13835,"date":"2022-07-12T09:14:47","date_gmt":"2022-07-12T12:14:47","guid":{"rendered":"https:\/\/wp.ufpel.edu.br\/prae\/?p=13835"},"modified":"2022-07-12T09:14:53","modified_gmt":"2022-07-12T12:14:53","slug":"atencao-alteracao-no-funcionamento-do-ru-campus-capao-do-leao-devido-a-falta-de-energia-eletrica-no-dia-de-hoje-12-07-2022","status":"publish","type":"post","link":"https:\/\/wp.ufpel.edu.br\/prae\/2022\/07\/12\/atencao-alteracao-no-funcionamento-do-ru-campus-capao-do-leao-devido-a-falta-de-energia-eletrica-no-dia-de-hoje-12-07-2022\/","title":{"rendered":"ATEN\u00c7\u00c3O: Altera\u00e7\u00e3o no funcionamento do RU Campus Cap\u00e3o do Le\u00e3o devido \u00e0 falta de energia el\u00e9trica no dia de hoje (12\/07\/2022)"},"content":{"rendered":"<p style=\"text-align: justify\">A Pr\u00f3-Reitora de Assuntos Estudantis informa que, em virtude da falta de energia el\u00e9trica, n\u00e3o haver\u00e1 funcionamento do RU Campus Cap\u00e3o do Le\u00e3o no dia de hoje (12\/07\/2022).<\/p>\n<p style=\"text-align: justify\">A comunidade acad\u00eamica poder\u00e1 fazer suas refei\u00e7\u00f5es normalmente no Restaurante Universit\u00e1rio- Unidade Central (Rua Santa Cruz, 1705).<\/p>\n","protected":false},"excerpt":{"rendered":"<p>A Pr\u00f3-Reitora de Assuntos Estudantis informa que, em virtude da falta de energia el\u00e9trica, n\u00e3o haver\u00e1 funcionamento do RU Campus Cap\u00e3o do Le\u00e3o no dia de hoje (12\/07\/2022). A comunidade acad\u00eamica poder\u00e1 fazer suas refei\u00e7\u00f5es normalmente no Restaurante Universit\u00e1rio- Unidade Central (Rua Santa Cruz, 1705).<\/p>\n","protected":false},"author":229,"featured_media":0,"comment_status":"closed","ping_status":"closed","sticky":false,"template":"","format":"standard","meta":{"footnotes":""},"categories":[1,38889],"tags":[],"class_list":["post-13835","post","type-post","status-publish","format-standard","hentry","category-noticias","category-restaurante-universitario"],"jetpack_featured_media_url":"","_links":{"self":[{"href":"https:\/\/wp.ufpel.edu.br\/prae\/wp-json\/wp\/v2\/posts\/13835","targetHints":{"allow":["GET"]}}],"collection":[{"href":"https:\/\/wp.ufpel.edu.br\/prae\/wp-json\/wp\/v2\/posts"}],"about":[{"href":"https:\/\/wp.ufpel.edu.br\/prae\/wp-json\/wp\/v2\/types\/post"}],"author":[{"embeddable":true,"href":"https:\/\/wp.ufpel.edu.br\/prae\/wp-json\/wp\/v2\/users\/229"}],"replies":[{"embeddable":true,"href":"https:\/\/wp.ufpel.edu.br\/prae\/wp-json\/wp\/v2\/comments?post=13835"}],"version-history":[{"count":2,"href":"https:\/\/wp.ufpel.edu.br\/prae\/wp-json\/wp\/v2\/posts\/13835\/revisions"}],"predecessor-version":[{"id":13838,"href":"https:\/\/wp.ufpel.edu.br\/prae\/wp-json\/wp\/v2\/posts\/13835\/revisions\/13838"}],"wp:attachment":[{"href":"https:\/\/wp.ufpel.edu.br\/prae\/wp-json\/wp\/v2\/media?parent=13835"}],"wp:term":[{"taxonomy":"category","embeddable":true,"href":"https:\/\/wp.ufpel.edu.br\/prae\/wp-json\/wp\/v2\/categories?post=13835"},{"taxonomy":"post_tag","embeddable":true,"href":"https:\/\/wp.ufpel.edu.br\/prae\/wp-json\/wp\/v2\/tags?post=13835"}],"curies":[{"name":"wp","href":"https:\/\/api.w.org\/{rel}","templated":true}]}}