{"id":12668,"date":"2021-12-17T16:13:25","date_gmt":"2021-12-17T19:13:25","guid":{"rendered":"https:\/\/wp.ufpel.edu.br\/prae\/?p=12668"},"modified":"2021-12-17T16:13:25","modified_gmt":"2021-12-17T19:13:25","slug":"funcionamento-dos-rus-no-natal-e-ano-novo","status":"publish","type":"post","link":"https:\/\/wp.ufpel.edu.br\/prae\/2021\/12\/17\/funcionamento-dos-rus-no-natal-e-ano-novo\/","title":{"rendered":"FUNCIONAMENTO DOS RUS NO NATAL E ANO NOVO"},"content":{"rendered":"<p style=\"text-align: justify\">A Pr\u00f3-Reitoria de Assuntos Estudantis informa a din\u00e2mica de funcionamento dos RUs no Natal e Ano Novo:<\/p>\n<p style=\"text-align: center\"><strong>24 e 31\/12<\/strong><\/p>\n<p style=\"text-align: center\"><strong>RU Unidade Centro<\/strong><\/p>\n<p style=\"text-align: center\">Almo\u00e7o: 11h00min \u00e0s 14h00min<\/p>\n<p style=\"text-align: center\">N\u00e3o haver\u00e1 funcionamento no jantar<\/p>\n<p style=\"text-align: center\"><strong>RU Campus Cap\u00e3o do Le\u00e3o<\/strong><\/p>\n<p style=\"text-align: center\">N\u00e3o haver\u00e1 distribui\u00e7\u00e3o de marmitas<\/p>\n<p style=\"text-align: center\">\n<p style=\"text-align: center\"><strong>25 e 26\/12, 01 e 02\/01<\/strong><\/p>\n<p style=\"text-align: center\"><strong>RU Unidade Centro<\/strong><\/p>\n<p style=\"text-align: center\">Almo\u00e7o: 11h30min \u00e0s 13h00min<\/p>\n<p style=\"text-align: center\">N\u00e3o haver\u00e1 funcionamento no jantar<\/p>\n<p style=\"text-align: center\"><strong>RU Campus Cap\u00e3o do Le\u00e3o<\/strong><\/p>\n<p style=\"text-align: center\">N\u00e3o haver\u00e1 distribui\u00e7\u00e3o de marmitas<\/p>\n<p style=\"text-align: justify\">No RU Unidade Centro, em substitui\u00e7\u00e3o ao jantar, ser\u00e1 distribu\u00eddo um Kit com insumos n\u00e3o perec\u00edveis, o qual poder\u00e1 ser retirado no almo\u00e7o, juntamente com a ceia, que ser\u00e1 distribu\u00edda a todos os estudantes que retirarem o kit do jantar.<\/p>\n<p style=\"text-align: justify\">Contato: <a href=\"mailto:ru.praeufpel@gmail.com\">ru.praeufpel@gmail.com<\/a><\/p>\n","protected":false},"excerpt":{"rendered":"<p>A Pr\u00f3-Reitoria de Assuntos Estudantis informa a din\u00e2mica de funcionamento dos RUs no Natal e Ano Novo: 24 e 31\/12 RU Unidade Centro Almo\u00e7o: 11h00min \u00e0s 14h00min N\u00e3o haver\u00e1 funcionamento no jantar RU Campus Cap\u00e3o do Le\u00e3o N\u00e3o haver\u00e1 distribui\u00e7\u00e3o de marmitas 25 e 26\/12, 01 e 02\/01 RU Unidade Centro Almo\u00e7o: 11h30min \u00e0s 13h00min &hellip; <\/p>\n<p class=\"link-more\"><a href=\"https:\/\/wp.ufpel.edu.br\/prae\/2021\/12\/17\/funcionamento-dos-rus-no-natal-e-ano-novo\/\" class=\"more-link\">Continue lendo<span class=\"screen-reader-text\"> &#8220;FUNCIONAMENTO DOS RUS NO NATAL E ANO NOVO&#8221;<\/span><\/a><\/p>\n","protected":false},"author":229,"featured_media":0,"comment_status":"closed","ping_status":"closed","sticky":false,"template":"","format":"standard","meta":{"footnotes":""},"categories":[1,38889],"tags":[],"class_list":["post-12668","post","type-post","status-publish","format-standard","hentry","category-noticias","category-restaurante-universitario"],"jetpack_featured_media_url":"","_links":{"self":[{"href":"https:\/\/wp.ufpel.edu.br\/prae\/wp-json\/wp\/v2\/posts\/12668","targetHints":{"allow":["GET"]}}],"collection":[{"href":"https:\/\/wp.ufpel.edu.br\/prae\/wp-json\/wp\/v2\/posts"}],"about":[{"href":"https:\/\/wp.ufpel.edu.br\/prae\/wp-json\/wp\/v2\/types\/post"}],"author":[{"embeddable":true,"href":"https:\/\/wp.ufpel.edu.br\/prae\/wp-json\/wp\/v2\/users\/229"}],"replies":[{"embeddable":true,"href":"https:\/\/wp.ufpel.edu.br\/prae\/wp-json\/wp\/v2\/comments?post=12668"}],"version-history":[{"count":1,"href":"https:\/\/wp.ufpel.edu.br\/prae\/wp-json\/wp\/v2\/posts\/12668\/revisions"}],"predecessor-version":[{"id":12670,"href":"https:\/\/wp.ufpel.edu.br\/prae\/wp-json\/wp\/v2\/posts\/12668\/revisions\/12670"}],"wp:attachment":[{"href":"https:\/\/wp.ufpel.edu.br\/prae\/wp-json\/wp\/v2\/media?parent=12668"}],"wp:term":[{"taxonomy":"category","embeddable":true,"href":"https:\/\/wp.ufpel.edu.br\/prae\/wp-json\/wp\/v2\/categories?post=12668"},{"taxonomy":"post_tag","embeddable":true,"href":"https:\/\/wp.ufpel.edu.br\/prae\/wp-json\/wp\/v2\/tags?post=12668"}],"curies":[{"name":"wp","href":"https:\/\/api.w.org\/{rel}","templated":true}]}}