{"id":12664,"date":"2021-12-15T22:00:56","date_gmt":"2021-12-16T01:00:56","guid":{"rendered":"https:\/\/wp.ufpel.edu.br\/prae\/?p=12664"},"modified":"2021-12-15T22:00:56","modified_gmt":"2021-12-16T01:00:56","slug":"rancho-de-fevereiro-inscricao","status":"publish","type":"post","link":"https:\/\/wp.ufpel.edu.br\/prae\/2021\/12\/15\/rancho-de-fevereiro-inscricao\/","title":{"rendered":"RANCHO DE FEVEREIRO &#8211; INSCRI\u00c7\u00c3O"},"content":{"rendered":"<p style=\"text-align: justify\">A Pr\u00f3-Reitoria de Assuntos Estudantis informa que estar\u00e1 dispon\u00edvel para preenchimento, entre \u00e0s 10h do dia 16 de dezembro \u00e0s 20h00min do dia 22 de dezembro, formul\u00e1rio de <strong>solicita\u00e7\u00e3o do rancho com insumos n\u00e3o perec\u00edveis<\/strong>, para o per\u00edodo de 21 de janeiro a 21 de fevereiro. Essa medida destina-se exclusivamente aos bolsistas integrais, que efetuarem o cadastro no per\u00edodo informado.<\/p>\n<p style=\"text-align: justify\">Para inscri\u00e7\u00e3o acesse aqui: <a href=\"https:\/\/forms.gle\/39W8dSPQh2cigdg88\">https:\/\/forms.gle\/39W8dSPQh2cigdg88<\/a><\/p>\n<p style=\"text-align: justify\">A lista de homologados ser\u00e1 divulgada nas p\u00e1ginas da PRAE e da UFPel, no dia 23 de dezembro. D\u00favidas e contesta\u00e7\u00f5es dever\u00e3o ser encaminhadas ao e-mail <a href=\"mailto:ru.praeufpel@gmail.com\">ru.praeufpel@gmail.com<\/a> at\u00e9 \u00e0s 17h do dia 28 de dezembro.<\/p>\n<p style=\"text-align: justify\">A entrega dos insumos ocorrer\u00e1 no dia 21 de janeiro, em tr\u00eas pontos de distribui\u00e7\u00e3o:<\/p>\n<p style=\"text-align: justify\">-RU Unidade Centro, situado \u00e0 Rua Santa Cruz, 1705, em hor\u00e1rio a ser divulgado.<\/p>\n<p style=\"text-align: justify\">-Faculdade de Medicina (FAMED), situada \u00e0 Av. Duque de Caxias, 250- Fragata, em hor\u00e1rio a ser divulgado.<\/p>\n<p style=\"text-align: justify\">&#8211; Escola Superior de Educa\u00e7\u00e3o F\u00edsica (ESEF), situada \u00e0 Rua Lu\u00eds de Cam\u00f5es, 625 &#8211; Tr\u00eas Vendas, em hor\u00e1rio a ser divulgado.<\/p>\n<p style=\"text-align: justify\">Todos os estudantes interessados dever\u00e3o realizar a inscri\u00e7\u00e3o, independente de haverem sido homologados em meses anteriores.<\/p>\n<p style=\"text-align: justify\">Estudantes que optarem pela retirada do rancho n\u00e3o poder\u00e3o frequentar o Restaurante Universit\u00e1rio entre os dias 21 de janeiro e 21 de fevereiro, exceto para a retirada do Kit desjejum, \u00e0s quintas- feiras, para aqueles previamente cadastrados.<\/p>\n<p style=\"text-align: justify\">Contato: ru.praeufpel@gmail.com<\/p>\n<p style=\"text-align: justify\">\n","protected":false},"excerpt":{"rendered":"<p>A Pr\u00f3-Reitoria de Assuntos Estudantis informa que estar\u00e1 dispon\u00edvel para preenchimento, entre \u00e0s 10h do dia 16 de dezembro \u00e0s 20h00min do dia 22 de dezembro, formul\u00e1rio de solicita\u00e7\u00e3o do rancho com insumos n\u00e3o perec\u00edveis, para o per\u00edodo de 21 de janeiro a 21 de fevereiro. Essa medida destina-se exclusivamente aos bolsistas integrais, que efetuarem &hellip; <\/p>\n<p class=\"link-more\"><a href=\"https:\/\/wp.ufpel.edu.br\/prae\/2021\/12\/15\/rancho-de-fevereiro-inscricao\/\" class=\"more-link\">Continue lendo<span class=\"screen-reader-text\"> &#8220;RANCHO DE FEVEREIRO &#8211; INSCRI\u00c7\u00c3O&#8221;<\/span><\/a><\/p>\n","protected":false},"author":229,"featured_media":0,"comment_status":"closed","ping_status":"closed","sticky":false,"template":"","format":"standard","meta":{"footnotes":""},"categories":[1,38889],"tags":[],"class_list":["post-12664","post","type-post","status-publish","format-standard","hentry","category-noticias","category-restaurante-universitario"],"jetpack_featured_media_url":"","_links":{"self":[{"href":"https:\/\/wp.ufpel.edu.br\/prae\/wp-json\/wp\/v2\/posts\/12664","targetHints":{"allow":["GET"]}}],"collection":[{"href":"https:\/\/wp.ufpel.edu.br\/prae\/wp-json\/wp\/v2\/posts"}],"about":[{"href":"https:\/\/wp.ufpel.edu.br\/prae\/wp-json\/wp\/v2\/types\/post"}],"author":[{"embeddable":true,"href":"https:\/\/wp.ufpel.edu.br\/prae\/wp-json\/wp\/v2\/users\/229"}],"replies":[{"embeddable":true,"href":"https:\/\/wp.ufpel.edu.br\/prae\/wp-json\/wp\/v2\/comments?post=12664"}],"version-history":[{"count":1,"href":"https:\/\/wp.ufpel.edu.br\/prae\/wp-json\/wp\/v2\/posts\/12664\/revisions"}],"predecessor-version":[{"id":12666,"href":"https:\/\/wp.ufpel.edu.br\/prae\/wp-json\/wp\/v2\/posts\/12664\/revisions\/12666"}],"wp:attachment":[{"href":"https:\/\/wp.ufpel.edu.br\/prae\/wp-json\/wp\/v2\/media?parent=12664"}],"wp:term":[{"taxonomy":"category","embeddable":true,"href":"https:\/\/wp.ufpel.edu.br\/prae\/wp-json\/wp\/v2\/categories?post=12664"},{"taxonomy":"post_tag","embeddable":true,"href":"https:\/\/wp.ufpel.edu.br\/prae\/wp-json\/wp\/v2\/tags?post=12664"}],"curies":[{"name":"wp","href":"https:\/\/api.w.org\/{rel}","templated":true}]}}