{"id":1146,"date":"2012-06-15T18:12:20","date_gmt":"2012-06-15T21:12:20","guid":{"rendered":"https:\/\/wp.ufpel.edu.br\/prae\/?p=1146"},"modified":"2012-06-15T18:11:27","modified_gmt":"2012-06-15T21:11:27","slug":"auxilio-transporte-e-auxilio-alimentacao-ferias-de-julho","status":"publish","type":"post","link":"https:\/\/wp.ufpel.edu.br\/prae\/2012\/06\/15\/auxilio-transporte-e-auxilio-alimentacao-ferias-de-julho\/","title":{"rendered":"Aux\u00edlio Transporte e Aux\u00edlio Alimenta\u00e7\u00e3o &#8211; f\u00e9rias de julho"},"content":{"rendered":"<p style=\"text-align: justify\">Os alunos que permanecer\u00e3o em <strong>atividades curriculares (n\u00e3o remuneradas) , ap\u00f3s o dia 07\/07\/12<\/strong> dever\u00e3o apresentar a documenta\u00e7\u00e3o necess\u00e1ria (atestado de est\u00e1gio, projeto de pesquisa, etc) na Coordenadoria de Benef\u00edcios, impreterivelmente, <strong>at\u00e9 o dia 22\/06\/2012.<\/strong><\/p>\n<p style=\"text-align: justify\">Atestados entregues anteriormente n\u00e3o t\u00eam validade para solicita\u00e7\u00e3o de perman\u00eancia nos programas no per\u00edodo de f\u00e9rias.<\/p>\n<p style=\"text-align: justify\">O modelo de atestado que deve ser utilizado se encontra nos Colegiados de Curso e na Coordenadoria de Benef\u00edcios.<\/p>\n<p style=\"text-align: justify\">N\u00e3o ser\u00e3o aceitos, sob nenhuma hip\u00f3tese, atestados entregues ap\u00f3s o per\u00edodo determinado.<\/p>\n<p style=\"text-align: right\">N\u00facleo de Gest\u00e3o de Programas-15\/06\/12<\/p>\n","protected":false},"excerpt":{"rendered":"<p>Os alunos que permanecer\u00e3o em atividades curriculares (n\u00e3o remuneradas) , ap\u00f3s o dia 07\/07\/12 dever\u00e3o apresentar a documenta\u00e7\u00e3o necess\u00e1ria (atestado de est\u00e1gio, projeto de pesquisa, etc) na Coordenadoria de Benef\u00edcios, impreterivelmente, at\u00e9 o dia 22\/06\/2012. Atestados entregues anteriormente n\u00e3o t\u00eam validade para solicita\u00e7\u00e3o de perman\u00eancia nos programas no per\u00edodo de f\u00e9rias. O modelo de atestado &hellip; <\/p>\n<p class=\"link-more\"><a href=\"https:\/\/wp.ufpel.edu.br\/prae\/2012\/06\/15\/auxilio-transporte-e-auxilio-alimentacao-ferias-de-julho\/\" class=\"more-link\">Continue lendo<span class=\"screen-reader-text\"> &#8220;Aux\u00edlio Transporte e Aux\u00edlio Alimenta\u00e7\u00e3o &#8211; f\u00e9rias de julho&#8221;<\/span><\/a><\/p>\n","protected":false},"author":12,"featured_media":0,"comment_status":"closed","ping_status":"closed","sticky":false,"template":"","format":"standard","meta":{"footnotes":""},"categories":[1],"tags":[],"class_list":["post-1146","post","type-post","status-publish","format-standard","hentry","category-noticias"],"jetpack_featured_media_url":"","_links":{"self":[{"href":"https:\/\/wp.ufpel.edu.br\/prae\/wp-json\/wp\/v2\/posts\/1146","targetHints":{"allow":["GET"]}}],"collection":[{"href":"https:\/\/wp.ufpel.edu.br\/prae\/wp-json\/wp\/v2\/posts"}],"about":[{"href":"https:\/\/wp.ufpel.edu.br\/prae\/wp-json\/wp\/v2\/types\/post"}],"author":[{"embeddable":true,"href":"https:\/\/wp.ufpel.edu.br\/prae\/wp-json\/wp\/v2\/users\/12"}],"replies":[{"embeddable":true,"href":"https:\/\/wp.ufpel.edu.br\/prae\/wp-json\/wp\/v2\/comments?post=1146"}],"version-history":[{"count":3,"href":"https:\/\/wp.ufpel.edu.br\/prae\/wp-json\/wp\/v2\/posts\/1146\/revisions"}],"predecessor-version":[{"id":1149,"href":"https:\/\/wp.ufpel.edu.br\/prae\/wp-json\/wp\/v2\/posts\/1146\/revisions\/1149"}],"wp:attachment":[{"href":"https:\/\/wp.ufpel.edu.br\/prae\/wp-json\/wp\/v2\/media?parent=1146"}],"wp:term":[{"taxonomy":"category","embeddable":true,"href":"https:\/\/wp.ufpel.edu.br\/prae\/wp-json\/wp\/v2\/categories?post=1146"},{"taxonomy":"post_tag","embeddable":true,"href":"https:\/\/wp.ufpel.edu.br\/prae\/wp-json\/wp\/v2\/tags?post=1146"}],"curies":[{"name":"wp","href":"https:\/\/api.w.org\/{rel}","templated":true}]}}