{"id":11059,"date":"2021-03-01T18:56:39","date_gmt":"2021-03-01T21:56:39","guid":{"rendered":"https:\/\/wp.ufpel.edu.br\/prae\/?p=11059"},"modified":"2021-03-01T18:56:39","modified_gmt":"2021-03-01T21:56:39","slug":"retirada-do-rancho-relativo-ao-mes-de-marco-ultima-oportunidade","status":"publish","type":"post","link":"https:\/\/wp.ufpel.edu.br\/prae\/2021\/03\/01\/retirada-do-rancho-relativo-ao-mes-de-marco-ultima-oportunidade\/","title":{"rendered":"Retirada do Rancho relativo ao m\u00eas de Mar\u00e7o &#8211; \u00daltima oportunidade"},"content":{"rendered":"<p><span style=\"font-weight: 400\">A Pr\u00f3-Reitoria de Assuntos Estudantis informa que os estudantes abaixo identificados, deferidos para o rancho do m\u00eas de mar\u00e7o e que n\u00e3o compareceram \u00e0 entrega no dia 24\/02\/2021, dever\u00e3o retirar, impreterivelmente, at\u00e9 o dia 02\/03\/2021 (ter\u00e7a-feira), das 11h \u00e0s 14h, no RU da Santa Cruz (Rua Santa Cruz, 1705).<\/span><\/p>\n<p><span style=\"font-weight: 400\">Estudantes que solicitaram o rancho e n\u00e3o fizerem a retirada, perder\u00e3o o direito ao mesmo nos meses subsequentes.<\/span><\/p>\n<p>&nbsp;<\/p>\n<table>\n<tbody>\n<tr>\n<td><b>MATR\u00cdCULA<\/b><\/td>\n<td><b>OP\u00c7\u00c3O VEGETARIANA<\/b><\/td>\n<\/tr>\n<tr>\n<td><span style=\"font-weight: 400\">19101734<\/span><\/td>\n<td><span style=\"font-weight: 400\">Vegetariano<\/span><\/td>\n<\/tr>\n<tr>\n<td><span style=\"font-weight: 400\">15200047<\/span><\/td>\n<td><span style=\"font-weight: 400\">N\u00e3o Vegetariano<\/span><\/td>\n<\/tr>\n<tr>\n<td><span style=\"font-weight: 400\">19201310<\/span><\/td>\n<td><span style=\"font-weight: 400\">Vegetariano<\/span><\/td>\n<\/tr>\n<tr>\n<td><span style=\"font-weight: 400\">17201253<\/span><\/td>\n<td><span style=\"font-weight: 400\">Vegetariano<\/span><\/td>\n<\/tr>\n<tr>\n<td><span style=\"font-weight: 400\">14202094<\/span><\/td>\n<td><span style=\"font-weight: 400\">N\u00e3o Vegetariano<\/span><\/td>\n<\/tr>\n<tr>\n<td><span style=\"font-weight: 400\">18103370<\/span><\/td>\n<td><span style=\"font-weight: 400\">N\u00e3o Vegetariano<\/span><\/td>\n<\/tr>\n<tr>\n<td><span style=\"font-weight: 400\">15100952<\/span><\/td>\n<td><span style=\"font-weight: 400\">N\u00e3o Vegetariano<\/span><\/td>\n<\/tr>\n<tr>\n<td><span style=\"font-weight: 400\">18200137<\/span><\/td>\n<td><span style=\"font-weight: 400\">N\u00e3o Vegetariano<\/span><\/td>\n<\/tr>\n<tr>\n<td><span style=\"font-weight: 400\">17103663<\/span><\/td>\n<td><span style=\"font-weight: 400\">N\u00e3o Vegetariano<\/span><\/td>\n<\/tr>\n<tr>\n<td><span style=\"font-weight: 400\">19101565<\/span><\/td>\n<td><span style=\"font-weight: 400\">Vegetariano<\/span><\/td>\n<\/tr>\n<tr>\n<td><span style=\"font-weight: 400\">18100965<\/span><\/td>\n<td><span style=\"font-weight: 400\">Vegetariano<\/span><\/td>\n<\/tr>\n<tr>\n<td><span style=\"font-weight: 400\">17201316<\/span><\/td>\n<td><span style=\"font-weight: 400\">N\u00e3o Vegetariano<\/span><\/td>\n<\/tr>\n<tr>\n<td><span style=\"font-weight: 400\">20101690<\/span><\/td>\n<td><span style=\"font-weight: 400\">N\u00e3o Vegetariano<\/span><\/td>\n<\/tr>\n<tr>\n<td><span style=\"font-weight: 400\">17101310<\/span><\/td>\n<td><span style=\"font-weight: 400\">Vegetariano<\/span><\/td>\n<\/tr>\n<tr>\n<td><span style=\"font-weight: 400\">18101616<\/span><\/td>\n<td><span style=\"font-weight: 400\">N\u00e3o Vegetariano<\/span><\/td>\n<\/tr>\n<tr>\n<td><span style=\"font-weight: 400\">19200578<\/span><\/td>\n<td><span style=\"font-weight: 400\">N\u00e3o Vegetariano<\/span><\/td>\n<\/tr>\n<tr>\n<td><span style=\"font-weight: 400\">17106641<\/span><\/td>\n<td><span style=\"font-weight: 400\">N\u00e3o Vegetariano<\/span><\/td>\n<\/tr>\n<tr>\n<td><span style=\"font-weight: 400\">17100847<\/span><\/td>\n<td><span style=\"font-weight: 400\">N\u00e3o Vegetariano<\/span><\/td>\n<\/tr>\n<tr>\n<td><span style=\"font-weight: 400\">18101390<\/span><\/td>\n<td><span style=\"font-weight: 400\">Vegetariano<\/span><\/td>\n<\/tr>\n<tr>\n<td><span style=\"font-weight: 400\">20101413<\/span><\/td>\n<td><span style=\"font-weight: 400\">N\u00e3o Vegetariano<\/span><\/td>\n<\/tr>\n<tr>\n<td><span style=\"font-weight: 400\">18201297<\/span><\/td>\n<td><span style=\"font-weight: 400\">N\u00e3o Vegetariano<\/span><\/td>\n<\/tr>\n<tr>\n<td><span style=\"font-weight: 400\">20101899<\/span><\/td>\n<td><span style=\"font-weight: 400\">N\u00e3o Vegetariano<\/span><\/td>\n<\/tr>\n<tr>\n<td><span style=\"font-weight: 400\">19200848<\/span><\/td>\n<td><span style=\"font-weight: 400\">N\u00e3o Vegetariano<\/span><\/td>\n<\/tr>\n<tr>\n<td><span style=\"font-weight: 400\">17103699<\/span><\/td>\n<td><span style=\"font-weight: 400\">N\u00e3o Vegetariano<\/span><\/td>\n<\/tr>\n<tr>\n<td><span style=\"font-weight: 400\">18201005<\/span><\/td>\n<td><span style=\"font-weight: 400\">N\u00e3o Vegetariano<\/span><\/td>\n<\/tr>\n<tr>\n<td><span style=\"font-weight: 400\">19102187<\/span><\/td>\n<td><span style=\"font-weight: 400\">N\u00e3o Vegetariano<\/span><\/td>\n<\/tr>\n<\/tbody>\n<\/table>\n<p><\/p>\n","protected":false},"excerpt":{"rendered":"<p>A Pr\u00f3-Reitoria de Assuntos Estudantis informa que os estudantes abaixo identificados, deferidos para o rancho do m\u00eas de mar\u00e7o e que n\u00e3o compareceram \u00e0 entrega no dia 24\/02\/2021, dever\u00e3o retirar, impreterivelmente, at\u00e9 o dia 02\/03\/2021 (ter\u00e7a-feira), das 11h \u00e0s 14h, no RU da Santa Cruz (Rua Santa Cruz, 1705). Estudantes que solicitaram o rancho e &hellip; <\/p>\n<p class=\"link-more\"><a href=\"https:\/\/wp.ufpel.edu.br\/prae\/2021\/03\/01\/retirada-do-rancho-relativo-ao-mes-de-marco-ultima-oportunidade\/\" class=\"more-link\">Continue lendo<span class=\"screen-reader-text\"> &#8220;Retirada do Rancho relativo ao m\u00eas de Mar\u00e7o &#8211; \u00daltima oportunidade&#8221;<\/span><\/a><\/p>\n","protected":false},"author":229,"featured_media":0,"comment_status":"closed","ping_status":"closed","sticky":false,"template":"","format":"standard","meta":{"footnotes":""},"categories":[1,38889],"tags":[],"class_list":["post-11059","post","type-post","status-publish","format-standard","hentry","category-noticias","category-restaurante-universitario"],"jetpack_featured_media_url":"","_links":{"self":[{"href":"https:\/\/wp.ufpel.edu.br\/prae\/wp-json\/wp\/v2\/posts\/11059","targetHints":{"allow":["GET"]}}],"collection":[{"href":"https:\/\/wp.ufpel.edu.br\/prae\/wp-json\/wp\/v2\/posts"}],"about":[{"href":"https:\/\/wp.ufpel.edu.br\/prae\/wp-json\/wp\/v2\/types\/post"}],"author":[{"embeddable":true,"href":"https:\/\/wp.ufpel.edu.br\/prae\/wp-json\/wp\/v2\/users\/229"}],"replies":[{"embeddable":true,"href":"https:\/\/wp.ufpel.edu.br\/prae\/wp-json\/wp\/v2\/comments?post=11059"}],"version-history":[{"count":1,"href":"https:\/\/wp.ufpel.edu.br\/prae\/wp-json\/wp\/v2\/posts\/11059\/revisions"}],"predecessor-version":[{"id":11061,"href":"https:\/\/wp.ufpel.edu.br\/prae\/wp-json\/wp\/v2\/posts\/11059\/revisions\/11061"}],"wp:attachment":[{"href":"https:\/\/wp.ufpel.edu.br\/prae\/wp-json\/wp\/v2\/media?parent=11059"}],"wp:term":[{"taxonomy":"category","embeddable":true,"href":"https:\/\/wp.ufpel.edu.br\/prae\/wp-json\/wp\/v2\/categories?post=11059"},{"taxonomy":"post_tag","embeddable":true,"href":"https:\/\/wp.ufpel.edu.br\/prae\/wp-json\/wp\/v2\/tags?post=11059"}],"curies":[{"name":"wp","href":"https:\/\/api.w.org\/{rel}","templated":true}]}}