{"id":11055,"date":"2021-03-01T12:09:41","date_gmt":"2021-03-01T15:09:41","guid":{"rendered":"https:\/\/wp.ufpel.edu.br\/prae\/?p=11055"},"modified":"2021-03-01T12:09:41","modified_gmt":"2021-03-01T15:09:41","slug":"solicitacao-rancho-para-abril-ultimas-horas-para-inscricao","status":"publish","type":"post","link":"https:\/\/wp.ufpel.edu.br\/prae\/2021\/03\/01\/solicitacao-rancho-para-abril-ultimas-horas-para-inscricao\/","title":{"rendered":"Solicita\u00e7\u00e3o rancho para abril &#8211; \u00faltimas horas para inscri\u00e7\u00e3o"},"content":{"rendered":"<p><span style=\"font-weight: 400\">A Pr\u00f3-Reitoria de Assuntos Estudantis refor\u00e7a que encontra-se dispon\u00edvel para preenchimento, at\u00e9 \u00e0s 20h00min de hoje (01\/03), formul\u00e1rio de <\/span><b>solicita\u00e7\u00e3o do rancho com insumos n\u00e3o perec\u00edveis<\/b><span style=\"font-weight: 400\">, relativo ao m\u00eas de abril. Essa medida destina-se exclusivamente aos bolsistas integrais, que efetuarem o cadastro no per\u00edodo informado.<\/span><\/p>\n<p><span style=\"font-weight: 400\">As informa\u00e7\u00f5es podem ser verificadas em:\u00a0<a href=\"https:\/\/wp.ufpel.edu.br\/prae\/2021\/02\/19\/inscricoes-para-rancho-de-insumos-nao-pereciveis-abril-2021\/\">https:\/\/wp.ufpel.edu.br\/prae\/2021\/02\/19\/inscricoes-para-rancho-de-insumos-nao-pereciveis-abril-2021\/<\/a><\/span><\/p>\n","protected":false},"excerpt":{"rendered":"<p>A Pr\u00f3-Reitoria de Assuntos Estudantis refor\u00e7a que encontra-se dispon\u00edvel para preenchimento, at\u00e9 \u00e0s 20h00min de hoje (01\/03), formul\u00e1rio de solicita\u00e7\u00e3o do rancho com insumos n\u00e3o perec\u00edveis, relativo ao m\u00eas de abril. Essa medida destina-se exclusivamente aos bolsistas integrais, que efetuarem o cadastro no per\u00edodo informado. As informa\u00e7\u00f5es podem ser verificadas em:\u00a0https:\/\/wp.ufpel.edu.br\/prae\/2021\/02\/19\/inscricoes-para-rancho-de-insumos-nao-pereciveis-abril-2021\/<\/p>\n","protected":false},"author":229,"featured_media":0,"comment_status":"closed","ping_status":"closed","sticky":false,"template":"","format":"standard","meta":{"footnotes":""},"categories":[38889],"tags":[],"class_list":["post-11055","post","type-post","status-publish","format-standard","hentry","category-restaurante-universitario"],"jetpack_featured_media_url":"","_links":{"self":[{"href":"https:\/\/wp.ufpel.edu.br\/prae\/wp-json\/wp\/v2\/posts\/11055","targetHints":{"allow":["GET"]}}],"collection":[{"href":"https:\/\/wp.ufpel.edu.br\/prae\/wp-json\/wp\/v2\/posts"}],"about":[{"href":"https:\/\/wp.ufpel.edu.br\/prae\/wp-json\/wp\/v2\/types\/post"}],"author":[{"embeddable":true,"href":"https:\/\/wp.ufpel.edu.br\/prae\/wp-json\/wp\/v2\/users\/229"}],"replies":[{"embeddable":true,"href":"https:\/\/wp.ufpel.edu.br\/prae\/wp-json\/wp\/v2\/comments?post=11055"}],"version-history":[{"count":1,"href":"https:\/\/wp.ufpel.edu.br\/prae\/wp-json\/wp\/v2\/posts\/11055\/revisions"}],"predecessor-version":[{"id":11057,"href":"https:\/\/wp.ufpel.edu.br\/prae\/wp-json\/wp\/v2\/posts\/11055\/revisions\/11057"}],"wp:attachment":[{"href":"https:\/\/wp.ufpel.edu.br\/prae\/wp-json\/wp\/v2\/media?parent=11055"}],"wp:term":[{"taxonomy":"category","embeddable":true,"href":"https:\/\/wp.ufpel.edu.br\/prae\/wp-json\/wp\/v2\/categories?post=11055"},{"taxonomy":"post_tag","embeddable":true,"href":"https:\/\/wp.ufpel.edu.br\/prae\/wp-json\/wp\/v2\/tags?post=11055"}],"curies":[{"name":"wp","href":"https:\/\/api.w.org\/{rel}","templated":true}]}}