{"id":11052,"date":"2021-02-26T20:33:28","date_gmt":"2021-02-26T23:33:28","guid":{"rendered":"https:\/\/wp.ufpel.edu.br\/prae\/?p=11052"},"modified":"2021-02-26T20:33:28","modified_gmt":"2021-02-26T23:33:28","slug":"edital-01-21-selecao-para-os-programas-de-auxilio-estudantil","status":"publish","type":"post","link":"https:\/\/wp.ufpel.edu.br\/prae\/2021\/02\/26\/edital-01-21-selecao-para-os-programas-de-auxilio-estudantil\/","title":{"rendered":"Edital 01\/21 &#8211; Sele\u00e7\u00e3o para os Programas de Aux\u00edlio Estudantil"},"content":{"rendered":"<p>A <strong>Pr\u00f3-Reitoria de Assuntos Estudantis<\/strong> publicou nesta sexta-feira (26) o <strong>Edital PRAE 01\/21<\/strong> destinado \u00e0 sele\u00e7\u00e3o socioecon\u00f4mica para os <strong>Programas de Aux\u00edlio Estudantil<\/strong> no segundo semestre letivo de 2020.<\/p>\n<p>S\u00e3o ofertadas vagas nos sete Programas de Aux\u00edlio Estudantil: Programa de Aux\u00edlio Alimenta\u00e7\u00e3o, Aux\u00edlio Transporte, Aux\u00edlio Deslocamento, Aux\u00edlio Pr\u00e9-Escolar, Aux\u00edlio Instrumental Odontol\u00f3gico e Aux\u00edlio Moradia e Moradia Estudantil.<\/p>\n<p>Devido \u00e0s caracter\u00edsticas do semestre letivo, os <strong>Programas de Aux\u00edlio Moradia <\/strong>e<strong> Moradia Estudantil<\/strong>, \u00fanicos com vagas limitadas, contam com <strong>regras especiais de inscri\u00e7\u00e3o<\/strong>. Os candidatos a estes programas devem apresentar atestado, emitido pelo curso, assegurando a necessidade presencial do discente conforme Anexo XII.<\/p>\n<p>A <strong>Coordena\u00e7\u00e3o de Integra\u00e7\u00e3o Estudantil (CIE)<\/strong>, respons\u00e1vel pelo processo seletivo, e a <strong>Coordena\u00e7\u00e3o de Pol\u00edticas Estudantis (CPE)<\/strong> prestar\u00e3o apoio aos candidatos interessados no ingresso nestes programas para d\u00favidas e questionamentos, especialmente quanto as limita\u00e7\u00f5es de ingresso. O candidato deve enviar e-mail para a CPE e agendar atendimento via webconfer\u00eancia (o procedimento na \u00edntegra deve ser conferido no pr\u00f3prio edital).<\/p>\n<p><strong>ONDE:<\/strong><br \/>\nP\u00e1gina da PRAE, se\u00e7\u00e3o EDITAIS &gt; Editais 2021.<\/p>\n<p><strong>QUANDO:<\/strong><br \/>\nInscri\u00e7\u00f5es de <span style=\"color: #ff0000\">1\u00ba de mar\u00e7o \u00e0 31 de mar\u00e7o de 2021<\/span> exclusivamente pela internet.<\/p>\n<p>As regras e procedimento de sele\u00e7\u00e3o constam no Edital PRAE 01\/21. <strong>A leitura do edital \u00e9 requisito obrigat\u00f3rio para a sele\u00e7\u00e3o<\/strong>.<\/p>\n","protected":false},"excerpt":{"rendered":"<p>A Pr\u00f3-Reitoria de Assuntos Estudantis publicou nesta sexta-feira (26) o Edital PRAE 01\/21 destinado \u00e0 sele\u00e7\u00e3o socioecon\u00f4mica para os Programas de Aux\u00edlio Estudantil no segundo semestre letivo de 2020. S\u00e3o ofertadas vagas nos sete Programas de Aux\u00edlio Estudantil: Programa de Aux\u00edlio Alimenta\u00e7\u00e3o, Aux\u00edlio Transporte, Aux\u00edlio Deslocamento, Aux\u00edlio Pr\u00e9-Escolar, Aux\u00edlio Instrumental Odontol\u00f3gico e Aux\u00edlio Moradia e &hellip; <\/p>\n<p class=\"link-more\"><a href=\"https:\/\/wp.ufpel.edu.br\/prae\/2021\/02\/26\/edital-01-21-selecao-para-os-programas-de-auxilio-estudantil\/\" class=\"more-link\">Continue lendo<span class=\"screen-reader-text\"> &#8220;Edital 01\/21 &#8211; Sele\u00e7\u00e3o para os Programas de Aux\u00edlio Estudantil&#8221;<\/span><\/a><\/p>\n","protected":false},"author":229,"featured_media":0,"comment_status":"closed","ping_status":"closed","sticky":false,"template":"","format":"standard","meta":{"footnotes":""},"categories":[1],"tags":[],"class_list":["post-11052","post","type-post","status-publish","format-standard","hentry","category-noticias"],"jetpack_featured_media_url":"","_links":{"self":[{"href":"https:\/\/wp.ufpel.edu.br\/prae\/wp-json\/wp\/v2\/posts\/11052","targetHints":{"allow":["GET"]}}],"collection":[{"href":"https:\/\/wp.ufpel.edu.br\/prae\/wp-json\/wp\/v2\/posts"}],"about":[{"href":"https:\/\/wp.ufpel.edu.br\/prae\/wp-json\/wp\/v2\/types\/post"}],"author":[{"embeddable":true,"href":"https:\/\/wp.ufpel.edu.br\/prae\/wp-json\/wp\/v2\/users\/229"}],"replies":[{"embeddable":true,"href":"https:\/\/wp.ufpel.edu.br\/prae\/wp-json\/wp\/v2\/comments?post=11052"}],"version-history":[{"count":1,"href":"https:\/\/wp.ufpel.edu.br\/prae\/wp-json\/wp\/v2\/posts\/11052\/revisions"}],"predecessor-version":[{"id":11054,"href":"https:\/\/wp.ufpel.edu.br\/prae\/wp-json\/wp\/v2\/posts\/11052\/revisions\/11054"}],"wp:attachment":[{"href":"https:\/\/wp.ufpel.edu.br\/prae\/wp-json\/wp\/v2\/media?parent=11052"}],"wp:term":[{"taxonomy":"category","embeddable":true,"href":"https:\/\/wp.ufpel.edu.br\/prae\/wp-json\/wp\/v2\/categories?post=11052"},{"taxonomy":"post_tag","embeddable":true,"href":"https:\/\/wp.ufpel.edu.br\/prae\/wp-json\/wp\/v2\/tags?post=11052"}],"curies":[{"name":"wp","href":"https:\/\/api.w.org\/{rel}","templated":true}]}}