{"id":75,"date":"2020-11-13T17:03:03","date_gmt":"2020-11-13T20:03:03","guid":{"rendered":"https:\/\/wp.ufpel.edu.br\/praciber\/?p=75"},"modified":"2021-07-09T20:20:51","modified_gmt":"2021-07-09T23:20:51","slug":"praciber-participa-do-salao-universitario-da-ucpel","status":"publish","type":"post","link":"https:\/\/wp.ufpel.edu.br\/praciber\/praciber-participa-do-salao-universitario-da-ucpel\/","title":{"rendered":"PRACIBER participa do Sal\u00e3o Universit\u00e1rio da UCPel"},"content":{"rendered":"<p><span style=\"font-weight: 400\"><img loading=\"lazy\" decoding=\"async\" class=\" wp-image-77 alignright\" src=\"https:\/\/wp.ufpel.edu.br\/praciber\/files\/2020\/11\/Pecas2020_SalaoUniversitario2020-topo-400x178.jpg\" alt=\"\" width=\"282\" height=\"131\" \/><\/span><\/p>\n<p style=\"text-align: justify\"><span style=\"font-weight: 400\">No dia 28 de outubro de 2020 nossa bolsista de inicia\u00e7\u00e3o cient\u00edfica, <a href=\"http:\/\/lattes.cnpq.br\/2082071124589359\">Luiza Chies<\/a>, apresentou sua pesquisa no 29\u00b0 Congresso de Inicia\u00e7\u00e3o Cient\u00edfica dentro do evento acad\u00eamico <a href=\"https:\/\/salao.ucpel.edu.br\/\">Sal\u00e3o Universit\u00e1rio<\/a> da Universidade Cat\u00f3lica de Pelotas (UCPel). A edi\u00e7\u00e3o do evento deste ano foi realizada de forma online entre os dias 27 a 30 de outubro, devido a situa\u00e7\u00e3o atual de distanciamento social causada pela pandemia de COVID-19.\u00a0<\/span><span style=\"font-weight: 400\">\u00a0<\/span><\/p>\n<p><img loading=\"lazy\" decoding=\"async\" class=\"wp-image-81 alignleft\" style=\"margin-top: 0.4em;text-align: justify\" src=\"https:\/\/wp.ufpel.edu.br\/praciber\/files\/2020\/11\/capa-400x228.png\" alt=\"\" width=\"273\" height=\"160\" \/><\/p>\n<p style=\"text-align: justify\"><span style=\"font-weight: 400\">A pesquisa de Lu<\/span>iza, intitulada \u201cDin\u00e2micas Sociais Em Produ\u00e7\u00f5es De Ciberdan\u00e7a No Aplicativo TikTok\u201d \u00e9 um primeiro ensaio da pesquisa final para bolsa de inicia\u00e7\u00e3o cient\u00edfica PIBIC\/CNPQ e estuda as caracter\u00edsticas dos v\u00eddeos produzidos e compartilhados dentro do TikTok, e busca identificar poss\u00edveis din\u00e2micas sociais que promovem e motivam intera\u00e7\u00f5es entre usu\u00e1rios e suas conex\u00f5es dentro do aplicativo.<\/p>\n","protected":false},"excerpt":{"rendered":"<p>No dia 28 de outubro de 2020 nossa bolsista de inicia\u00e7\u00e3o cient\u00edfica, Luiza Chies, apresentou sua pesquisa no 29\u00b0 Congresso de Inicia\u00e7\u00e3o Cient\u00edfica dentro do evento acad\u00eamico Sal\u00e3o Universit\u00e1rio da [&hellip;]<\/p>\n","protected":false},"author":985,"featured_media":0,"comment_status":"closed","ping_status":"closed","sticky":false,"template":"","format":"standard","meta":{"_jetpack_memberships_contains_paid_content":false,"footnotes":"","jetpack_publicize_message":"","jetpack_publicize_feature_enabled":true,"jetpack_social_post_already_shared":false,"jetpack_social_options":{"image_generator_settings":{"template":"highway","default_image_id":0,"font":"","enabled":false},"version":2}},"categories":[1],"tags":[20,2,21,13,4],"class_list":["post-75","post","type-post","status-publish","format-standard","hentry","category-noticias","tag-bolsa","tag-evento","tag-iniciacao-cientifica","tag-pesquisa","tag-ucpel"],"jetpack_publicize_connections":[],"jetpack_featured_media_url":"","jetpack_sharing_enabled":true,"_links":{"self":[{"href":"https:\/\/wp.ufpel.edu.br\/praciber\/wp-json\/wp\/v2\/posts\/75","targetHints":{"allow":["GET"]}}],"collection":[{"href":"https:\/\/wp.ufpel.edu.br\/praciber\/wp-json\/wp\/v2\/posts"}],"about":[{"href":"https:\/\/wp.ufpel.edu.br\/praciber\/wp-json\/wp\/v2\/types\/post"}],"author":[{"embeddable":true,"href":"https:\/\/wp.ufpel.edu.br\/praciber\/wp-json\/wp\/v2\/users\/985"}],"replies":[{"embeddable":true,"href":"https:\/\/wp.ufpel.edu.br\/praciber\/wp-json\/wp\/v2\/comments?post=75"}],"version-history":[{"count":12,"href":"https:\/\/wp.ufpel.edu.br\/praciber\/wp-json\/wp\/v2\/posts\/75\/revisions"}],"predecessor-version":[{"id":205,"href":"https:\/\/wp.ufpel.edu.br\/praciber\/wp-json\/wp\/v2\/posts\/75\/revisions\/205"}],"wp:attachment":[{"href":"https:\/\/wp.ufpel.edu.br\/praciber\/wp-json\/wp\/v2\/media?parent=75"}],"wp:term":[{"taxonomy":"category","embeddable":true,"href":"https:\/\/wp.ufpel.edu.br\/praciber\/wp-json\/wp\/v2\/categories?post=75"},{"taxonomy":"post_tag","embeddable":true,"href":"https:\/\/wp.ufpel.edu.br\/praciber\/wp-json\/wp\/v2\/tags?post=75"}],"curies":[{"name":"wp","href":"https:\/\/api.w.org\/{rel}","templated":true}]}}