{"id":450,"date":"2021-10-02T20:59:16","date_gmt":"2021-10-02T23:59:16","guid":{"rendered":"https:\/\/wp.ufpel.edu.br\/praciber\/?p=450"},"modified":"2021-10-02T21:18:09","modified_gmt":"2021-10-03T00:18:09","slug":"dot-cafe-4-videodanca-e-mercado","status":"publish","type":"post","link":"https:\/\/wp.ufpel.edu.br\/praciber\/dot-cafe-4-videodanca-e-mercado\/","title":{"rendered":"DOT CAF\u00c9 #4 VIDEODAN\u00c7A E MERCADO"},"content":{"rendered":"<p><img loading=\"lazy\" decoding=\"async\" class=\"wp-image-452 aligncenter\" src=\"https:\/\/wp.ufpel.edu.br\/praciber\/files\/2021\/10\/PraCiber-danca-e-mercado-18-400x400.jpg\" alt=\"\" width=\"615\" height=\"615\" srcset=\"https:\/\/wp.ufpel.edu.br\/praciber\/files\/2021\/10\/PraCiber-danca-e-mercado-18-400x400.jpg 400w, https:\/\/wp.ufpel.edu.br\/praciber\/files\/2021\/10\/PraCiber-danca-e-mercado-18-1024x1024.jpg 1024w, https:\/\/wp.ufpel.edu.br\/praciber\/files\/2021\/10\/PraCiber-danca-e-mercado-18-200x200.jpg 200w, https:\/\/wp.ufpel.edu.br\/praciber\/files\/2021\/10\/PraCiber-danca-e-mercado-18-768x768.jpg 768w, https:\/\/wp.ufpel.edu.br\/praciber\/files\/2021\/10\/PraCiber-danca-e-mercado-18-1536x1536.jpg 1536w, https:\/\/wp.ufpel.edu.br\/praciber\/files\/2021\/10\/PraCiber-danca-e-mercado-18-2048x2048.jpg 2048w\" sizes=\"auto, (max-width: 615px) 100vw, 615px\" \/><\/p>\n<p style=\"text-align: justify\">O DOT CAF\u00c9 est\u00e1 de volta! Nessa quarta-feira dia 06 de outubro \u00e0s 20h iniciamos mais uma edi\u00e7\u00e3o do nosso evento semestral, DOT CAF\u00c9. O tema da live ser\u00e1 sobre Videodan\u00e7a e o Mercado.<\/p>\n<p>&nbsp;<\/p>\n<p>Conhe\u00e7a nosso convidado:<\/p>\n<p style=\"text-align: justify\"><span style=\"font-weight: 400\"><strong>Fernando Muniz<\/strong> \u00e9 formado em produ\u00e7\u00e3o audiovisual e cinema pela Ulbra\/Canoas e \u00e9 bailarino. Trabalhou de 2008 a 2016 no Grupo RBS nas emissoras TVCOM e OCTO, com atua\u00e7\u00e3o sempre voltada para a \u00e1rea cultural. Em 2016 concebeu e dirigiu a s\u00e9rie de videodan\u00e7a &#8220;5,6,7,OCTO!&#8221;, que recebeu o Destaque Imprensa do Pr\u00eamio A\u00e7orianos de Dan\u00e7a de 2016. Em 2017 criou a produtora de videodan\u00e7a <a href=\"https:\/\/www.moovart.com.br\">MOOV.art<\/a>, e desde ent\u00e3o se consolidou como uma refer\u00eancia no segmento. J\u00e1 trabalhou com diversos grupos, escolas e <\/span><span style=\"font-weight: 400\">eventos de dan\u00e7a em diversas cidades do Rio Grande do Sul.\u00a0 Ganhou o Pr\u00eamio A\u00e7orianos de Dan\u00e7a 2017 na categoria Novas M\u00eddias pela dire\u00e7\u00e3o da videodan\u00e7a &#8220;Um Olhar Atrav\u00e9s de&#8221;, com a Transforma Cia de Dan\u00e7a. J\u00e1 foi jurado dos espet\u00e1culos concorrentes ao Pr\u00eamio A\u00e7orianos de Dan\u00e7a e tamb\u00e9m do ABC Dan\u00e7a Festival Infantil. Desde 2020 ministra workshops online de videodan\u00e7a com participantes de todas as regi\u00f5es do Brasil.<\/span><\/p>\n<p><strong>O DOT CAF\u00c9 #4 ser\u00e1 transmitido no nosso canal do YouTube pelo link (<a href=\"https:\/\/www.youtube.com\/watch?v=jkAvjNNicHo\">https:\/\/www.youtube.com\/watch?v=jkAvjNNicHo<\/a>)<\/strong><\/p>\n<p><b>E para ficarem por dentro do que anda acontecendo no mundo da pesquisa e novidades do PRACIBER, sigam o nosso Instagram -&gt;\u00a0<\/b><a href=\"https:\/\/www.instagram.com\/praciber\/\"><b>@praciber<\/b><\/a><\/p>\n<p>Esperamos voc\u00eas l\u00e1!<\/p>\n","protected":false},"excerpt":{"rendered":"<p>O DOT CAF\u00c9 est\u00e1 de volta! Nessa quarta-feira dia 06 de outubro \u00e0s 20h iniciamos mais uma edi\u00e7\u00e3o do nosso evento semestral, DOT CAF\u00c9. O tema da live ser\u00e1 sobre [&hellip;]<\/p>\n","protected":false},"author":985,"featured_media":0,"comment_status":"closed","ping_status":"closed","sticky":false,"template":"","format":"standard","meta":{"_jetpack_memberships_contains_paid_content":false,"footnotes":"","jetpack_publicize_message":"","jetpack_publicize_feature_enabled":true,"jetpack_social_post_already_shared":true,"jetpack_social_options":{"image_generator_settings":{"template":"highway","default_image_id":0,"font":"","enabled":false},"version":2}},"categories":[1],"tags":[16,13,9,11,19,18],"class_list":["post-450","post","type-post","status-publish","format-standard","hentry","category-noticias","tag-extensao","tag-pesquisa","tag-projeto","tag-ufpel","tag-webinar","tag-youtube"],"jetpack_publicize_connections":[],"jetpack_featured_media_url":"","jetpack_sharing_enabled":true,"_links":{"self":[{"href":"https:\/\/wp.ufpel.edu.br\/praciber\/wp-json\/wp\/v2\/posts\/450","targetHints":{"allow":["GET"]}}],"collection":[{"href":"https:\/\/wp.ufpel.edu.br\/praciber\/wp-json\/wp\/v2\/posts"}],"about":[{"href":"https:\/\/wp.ufpel.edu.br\/praciber\/wp-json\/wp\/v2\/types\/post"}],"author":[{"embeddable":true,"href":"https:\/\/wp.ufpel.edu.br\/praciber\/wp-json\/wp\/v2\/users\/985"}],"replies":[{"embeddable":true,"href":"https:\/\/wp.ufpel.edu.br\/praciber\/wp-json\/wp\/v2\/comments?post=450"}],"version-history":[{"count":4,"href":"https:\/\/wp.ufpel.edu.br\/praciber\/wp-json\/wp\/v2\/posts\/450\/revisions"}],"predecessor-version":[{"id":456,"href":"https:\/\/wp.ufpel.edu.br\/praciber\/wp-json\/wp\/v2\/posts\/450\/revisions\/456"}],"wp:attachment":[{"href":"https:\/\/wp.ufpel.edu.br\/praciber\/wp-json\/wp\/v2\/media?parent=450"}],"wp:term":[{"taxonomy":"category","embeddable":true,"href":"https:\/\/wp.ufpel.edu.br\/praciber\/wp-json\/wp\/v2\/categories?post=450"},{"taxonomy":"post_tag","embeddable":true,"href":"https:\/\/wp.ufpel.edu.br\/praciber\/wp-json\/wp\/v2\/tags?post=450"}],"curies":[{"name":"wp","href":"https:\/\/api.w.org\/{rel}","templated":true}]}}