{"id":3552,"date":"2018-10-01T18:19:40","date_gmt":"2018-10-01T21:19:40","guid":{"rendered":"https:\/\/wp.ufpel.edu.br\/pra\/?p=3552"},"modified":"2018-10-01T18:19:40","modified_gmt":"2018-10-01T21:19:40","slug":"memorando-circular-no-4-2018-sdp-nufinc-cfc-pra-reitoria-aquisicao-de-passagens-aereas","status":"publish","type":"post","link":"https:\/\/wp.ufpel.edu.br\/pra\/memorando-circular-no-4-2018-sdp-nufinc-cfc-pra-reitoria-aquisicao-de-passagens-aereas\/","title":{"rendered":"Memorando-Circular n\u00ba 4\/2018\/SDP\/NUFINC\/CFC\/PRA\/REITORIA &#8211; Aquisi\u00e7\u00e3o de Passagens A\u00e9reas"},"content":{"rendered":"<p>Prezados,<\/p>\n<p style=\"text-align: justify\">\nInformamos que foi celebrado o contrato n\u00ba 28\/2018 entre a Universidade Federal de Pelotas<br \/>\ne a Empresa WTL Turismo e Loca\u00e7\u00e3o visando suprir toda a demanda por emiss\u00f5es de bilhetes<br \/>\npara voos dom\u00e9sticos e internacionais, tendo in\u00edcio sua execu\u00e7\u00e3o na data de hoje. Com isso,<br \/>\nn\u00e3o se faz mais necess\u00e1rio o envio das solicita\u00e7\u00f5es de passagens a\u00e9reas para aprecia\u00e7\u00e3o do<br \/>\ngabinete do reitor, permanecendo o proponente (autoridade concedente) de cada unidade como<br \/>\nrespons\u00e1vel pela avalia\u00e7\u00e3o da indica\u00e7\u00e3o do proposto e pertin\u00eancia da miss\u00e3o, efetuando a<br \/>\nautoriza\u00e7\u00e3o administrativa.<br \/>\nAlertamos que, por n\u00e3o se tratar de aquisi\u00e7\u00f5es de bilhetes efetuadas diretamente com as<br \/>\ncompanhias a\u00e9reas, como acontecia anteriormente, cabe aos servidores que exercem o perfil de<br \/>\nsolicitante de passagens verificarem se as cota\u00e7\u00f5es recebidas da ag\u00eancia contratada est\u00e3o de<br \/>\nacordo com os valores oferecidos no mercado. Constatada qualquer irregularidade a se\u00e7\u00e3o de<br \/>\ndi\u00e1rias e passagens deve ser informada para tomada de provid\u00eancias cab\u00edveis junto aos fiscais<br \/>\ndo contrato.<br \/>\nLembramos que para a escolha dos voos deve ser observado o Art. 16 da INSTRU\u00c7\u00c3O<br \/>\nNORMATIVA N\u00ba 3, DE 11 DE FEVEREIRO DE 2015 que disp\u00f5e sobre diretrizes e<br \/>\nprocedimentos para aquisi\u00e7\u00e3o de passagens a\u00e9reas pela Administra\u00e7\u00e3o P\u00fablica Federal direta,<br \/>\naut\u00e1rquica e fundacional, transcrito abaixo:<br \/>\n&#8220;&#8230;Art. 16. A escolha da melhor tarifa dever\u00e1 ser realizada considerando o hor\u00e1rio e o<br \/>\nper\u00edodo da participa\u00e7\u00e3o do servidor no evento, o tempo de traslado e a otimiza\u00e7\u00e3o do<br \/>\ntrabalho, visando garantir condi\u00e7\u00e3o laborativa produtiva, preferencialmente utilizando os<br \/>\nseguintes par\u00e2metros:<br \/>\nI &#8211; a escolha do voo deve recair prioritariamente em percursos de menor dura\u00e7\u00e3o, evitandose,<br \/>\nsempre que poss\u00edvel, trechos com escalas e conex\u00f5es;<br \/>\nII &#8211; os hor\u00e1rios de partida e de chegada do voo devem estar compreendidos no per\u00edodo<br \/>\nentre 7hs e 21hs, salvo a inexist\u00eancia de voos que atendam a estes hor\u00e1rios;<br \/>\nIII &#8211; em viagens nacionais, deve-se priorizar o hor\u00e1rio de chegada do voo que anteceda em<br \/>\nMemorando-Circular 4 (0294636) SEI 23110.046221\/2018-10 \/ pg. 1<br \/>\nno m\u00ednimo 3hs o in\u00edcio previsto dos trabalhos, evento ou miss\u00e3o; e<br \/>\nIV &#8211; em viagens internacionais, em que a soma dos trechos da origem at\u00e9 o destino<br \/>\nultrapasse 8hs, e que sejam realizadas no per\u00edodo noturno, o embarque, prioritariamente,<br \/>\ndever\u00e1 ocorrer com um dia de anteced\u00eancia.<br \/>\nPar\u00e1grafo \u00fanico. A escolha da tarifa deve privilegiar o menor pre\u00e7o, prevalecendo, sempre<br \/>\nque poss\u00edvel, a tarifa em classe econ\u00f4mica, observado o disposto neste artigo e no art. 27<br \/>\ndo Decreto n\u00ba 71.733, de 18 de janeiro de 1973. &#8230;&#8221;<br \/>\nSem mais para o momento , permanecemos \u00e0 disposi\u00e7\u00e3o para quaisquer esclarecimentos.<\/p>\n<p style=\"text-align: justify\">Respeitosamente,<\/p>\n<p style=\"text-align: justify\">\nAnderson Chollet<br \/>\nChefe da Se\u00e7\u00e3o de Di\u00e1rias e Passagens.<\/p>\n<p><a href=\"https:\/\/wp.ufpel.edu.br\/pra\/files\/2018\/10\/Memorando-Circular-4.pdf\">Memorando Circular 4<\/a><\/p>\n","protected":false},"excerpt":{"rendered":"<p>Prezados, Informamos que foi celebrado o contrato n\u00ba 28\/2018 entre a Universidade Federal de Pelotas e a Empresa WTL Turismo e Loca\u00e7\u00e3o visando suprir toda a demanda por emiss\u00f5es de bilhetes para voos dom\u00e9sticos e internacionais, tendo in\u00edcio sua execu\u00e7\u00e3o na data de hoje. Com isso, n\u00e3o se faz mais necess\u00e1rio o envio das solicita\u00e7\u00f5es [&hellip;]<\/p>\n","protected":false},"author":164,"featured_media":0,"comment_status":"closed","ping_status":"closed","sticky":false,"template":"","format":"standard","meta":{"jetpack_post_was_ever_published":false,"_jetpack_newsletter_access":"","_jetpack_dont_email_post_to_subs":false,"_jetpack_newsletter_tier_id":0,"_jetpack_memberships_contains_paywalled_content":false,"_jetpack_memberships_contains_paid_content":false,"footnotes":"","jetpack_publicize_message":"","jetpack_publicize_feature_enabled":true,"jetpack_social_post_already_shared":true,"jetpack_social_options":{"image_generator_settings":{"template":"highway","default_image_id":0,"font":"","enabled":false},"version":2}},"categories":[4,77981],"tags":[],"class_list":["post-3552","post","type-post","status-publish","format-standard","hentry","category-noticias","category-scdp"],"yoast_head":"<!-- This site is optimized with the Yoast SEO plugin v26.7 - https:\/\/yoast.com\/wordpress\/plugins\/seo\/ -->\n<title>Memorando-Circular n\u00ba 4\/2018\/SDP\/NUFINC\/CFC\/PRA\/REITORIA - Aquisi\u00e7\u00e3o de Passagens A\u00e9reas - Superintend\u00eancia de Gest\u00e3o Administrativa<\/title>\n<meta name=\"robots\" content=\"index, follow, max-snippet:-1, max-image-preview:large, max-video-preview:-1\" \/>\n<link rel=\"canonical\" href=\"https:\/\/wp.ufpel.edu.br\/pra\/memorando-circular-no-4-2018-sdp-nufinc-cfc-pra-reitoria-aquisicao-de-passagens-aereas\/\" \/>\n<meta property=\"og:locale\" content=\"pt_BR\" \/>\n<meta property=\"og:type\" content=\"article\" \/>\n<meta property=\"og:title\" content=\"Memorando-Circular n\u00ba 4\/2018\/SDP\/NUFINC\/CFC\/PRA\/REITORIA - Aquisi\u00e7\u00e3o de Passagens A\u00e9reas - Superintend\u00eancia de Gest\u00e3o Administrativa\" \/>\n<meta property=\"og:description\" content=\"Prezados, Informamos que foi celebrado o contrato n\u00ba 28\/2018 entre a Universidade Federal de Pelotas e a Empresa WTL Turismo e Loca\u00e7\u00e3o visando suprir toda a demanda por emiss\u00f5es de bilhetes para voos dom\u00e9sticos e internacionais, tendo in\u00edcio sua execu\u00e7\u00e3o na data de hoje. Com isso, n\u00e3o se faz mais necess\u00e1rio o envio das solicita\u00e7\u00f5es [&hellip;]\" \/>\n<meta property=\"og:url\" content=\"https:\/\/wp.ufpel.edu.br\/pra\/memorando-circular-no-4-2018-sdp-nufinc-cfc-pra-reitoria-aquisicao-de-passagens-aereas\/\" \/>\n<meta property=\"og:site_name\" content=\"Superintend\u00eancia de Gest\u00e3o Administrativa\" \/>\n<meta property=\"article:publisher\" content=\"https:\/\/www.facebook.com\/ufpel\/\" \/>\n<meta property=\"article:published_time\" content=\"2018-10-01T21:19:40+00:00\" \/>\n<meta name=\"author\" content=\"dmp\" \/>\n<meta name=\"twitter:card\" content=\"summary_large_image\" \/>\n<meta name=\"twitter:label1\" content=\"Escrito por\" \/>\n\t<meta name=\"twitter:data1\" content=\"dmp\" \/>\n\t<meta name=\"twitter:label2\" content=\"Est. tempo de leitura\" \/>\n\t<meta name=\"twitter:data2\" content=\"2 minutos\" \/>\n<script type=\"application\/ld+json\" class=\"yoast-schema-graph\">{\"@context\":\"https:\/\/schema.org\",\"@graph\":[{\"@type\":\"Article\",\"@id\":\"https:\/\/wp.ufpel.edu.br\/pra\/memorando-circular-no-4-2018-sdp-nufinc-cfc-pra-reitoria-aquisicao-de-passagens-aereas\/#article\",\"isPartOf\":{\"@id\":\"https:\/\/wp.ufpel.edu.br\/pra\/memorando-circular-no-4-2018-sdp-nufinc-cfc-pra-reitoria-aquisicao-de-passagens-aereas\/\"},\"author\":{\"name\":\"dmp\",\"@id\":\"https:\/\/wp.ufpel.edu.br\/pra\/#\/schema\/person\/95e04bab027ac5ff778d2e2f7a8f2250\"},\"headline\":\"Memorando-Circular n\u00ba 4\/2018\/SDP\/NUFINC\/CFC\/PRA\/REITORIA &#8211; Aquisi\u00e7\u00e3o de Passagens A\u00e9reas\",\"datePublished\":\"2018-10-01T21:19:40+00:00\",\"mainEntityOfPage\":{\"@id\":\"https:\/\/wp.ufpel.edu.br\/pra\/memorando-circular-no-4-2018-sdp-nufinc-cfc-pra-reitoria-aquisicao-de-passagens-aereas\/\"},\"wordCount\":487,\"publisher\":{\"@id\":\"https:\/\/wp.ufpel.edu.br\/pra\/#organization\"},\"articleSection\":[\"Not\u00edcias\",\"SCDP\"],\"inLanguage\":\"pt-BR\"},{\"@type\":\"WebPage\",\"@id\":\"https:\/\/wp.ufpel.edu.br\/pra\/memorando-circular-no-4-2018-sdp-nufinc-cfc-pra-reitoria-aquisicao-de-passagens-aereas\/\",\"url\":\"https:\/\/wp.ufpel.edu.br\/pra\/memorando-circular-no-4-2018-sdp-nufinc-cfc-pra-reitoria-aquisicao-de-passagens-aereas\/\",\"name\":\"Memorando-Circular n\u00ba 4\/2018\/SDP\/NUFINC\/CFC\/PRA\/REITORIA - Aquisi\u00e7\u00e3o de Passagens A\u00e9reas - Superintend\u00eancia de Gest\u00e3o Administrativa\",\"isPartOf\":{\"@id\":\"https:\/\/wp.ufpel.edu.br\/pra\/#website\"},\"datePublished\":\"2018-10-01T21:19:40+00:00\",\"breadcrumb\":{\"@id\":\"https:\/\/wp.ufpel.edu.br\/pra\/memorando-circular-no-4-2018-sdp-nufinc-cfc-pra-reitoria-aquisicao-de-passagens-aereas\/#breadcrumb\"},\"inLanguage\":\"pt-BR\",\"potentialAction\":[{\"@type\":\"ReadAction\",\"target\":[\"https:\/\/wp.ufpel.edu.br\/pra\/memorando-circular-no-4-2018-sdp-nufinc-cfc-pra-reitoria-aquisicao-de-passagens-aereas\/\"]}]},{\"@type\":\"BreadcrumbList\",\"@id\":\"https:\/\/wp.ufpel.edu.br\/pra\/memorando-circular-no-4-2018-sdp-nufinc-cfc-pra-reitoria-aquisicao-de-passagens-aereas\/#breadcrumb\",\"itemListElement\":[{\"@type\":\"ListItem\",\"position\":1,\"name\":\"In\u00edcio\",\"item\":\"https:\/\/wp.ufpel.edu.br\/pra\/\"},{\"@type\":\"ListItem\",\"position\":2,\"name\":\"Memorando-Circular n\u00ba 4\/2018\/SDP\/NUFINC\/CFC\/PRA\/REITORIA &#8211; Aquisi\u00e7\u00e3o de Passagens A\u00e9reas\"}]},{\"@type\":\"WebSite\",\"@id\":\"https:\/\/wp.ufpel.edu.br\/pra\/#website\",\"url\":\"https:\/\/wp.ufpel.edu.br\/pra\/\",\"name\":\"Pr\u00f3-Reitoria Administrativa - PRA\",\"description\":\"Universidade Federal de Pelotas\",\"publisher\":{\"@id\":\"https:\/\/wp.ufpel.edu.br\/pra\/#organization\"},\"potentialAction\":[{\"@type\":\"SearchAction\",\"target\":{\"@type\":\"EntryPoint\",\"urlTemplate\":\"https:\/\/wp.ufpel.edu.br\/pra\/?s={search_term_string}\"},\"query-input\":{\"@type\":\"PropertyValueSpecification\",\"valueRequired\":true,\"valueName\":\"search_term_string\"}}],\"inLanguage\":\"pt-BR\"},{\"@type\":\"Organization\",\"@id\":\"https:\/\/wp.ufpel.edu.br\/pra\/#organization\",\"name\":\"Universidade Federal de Pelotas\",\"url\":\"https:\/\/wp.ufpel.edu.br\/pra\/\",\"logo\":{\"@type\":\"ImageObject\",\"inLanguage\":\"pt-BR\",\"@id\":\"https:\/\/wp.ufpel.edu.br\/pra\/#\/schema\/logo\/image\/\",\"url\":\"https:\/\/wp.ufpel.edu.br\/pra\/files\/2018\/08\/download.png\",\"contentUrl\":\"https:\/\/wp.ufpel.edu.br\/pra\/files\/2018\/08\/download.png\",\"width\":200,\"height\":200,\"caption\":\"Universidade Federal de Pelotas\"},\"image\":{\"@id\":\"https:\/\/wp.ufpel.edu.br\/pra\/#\/schema\/logo\/image\/\"},\"sameAs\":[\"https:\/\/www.facebook.com\/ufpel\/\"]},{\"@type\":\"Person\",\"@id\":\"https:\/\/wp.ufpel.edu.br\/pra\/#\/schema\/person\/95e04bab027ac5ff778d2e2f7a8f2250\",\"name\":\"dmp\",\"image\":{\"@type\":\"ImageObject\",\"inLanguage\":\"pt-BR\",\"@id\":\"https:\/\/wp.ufpel.edu.br\/pra\/#\/schema\/person\/image\/\",\"url\":\"https:\/\/secure.gravatar.com\/avatar\/da1ce2f58ea013eb331bb2307265933fbb8c2e4fe66df1b6be04533596b3db4a?s=96&d=mm&r=g\",\"contentUrl\":\"https:\/\/secure.gravatar.com\/avatar\/da1ce2f58ea013eb331bb2307265933fbb8c2e4fe66df1b6be04533596b3db4a?s=96&d=mm&r=g\",\"caption\":\"dmp\"},\"url\":\"https:\/\/wp.ufpel.edu.br\/pra\/author\/dmp\/\"}]}<\/script>\n<!-- \/ Yoast SEO plugin. -->","yoast_head_json":{"title":"Memorando-Circular n\u00ba 4\/2018\/SDP\/NUFINC\/CFC\/PRA\/REITORIA - Aquisi\u00e7\u00e3o de Passagens A\u00e9reas - Superintend\u00eancia de Gest\u00e3o Administrativa","robots":{"index":"index","follow":"follow","max-snippet":"max-snippet:-1","max-image-preview":"max-image-preview:large","max-video-preview":"max-video-preview:-1"},"canonical":"https:\/\/wp.ufpel.edu.br\/pra\/memorando-circular-no-4-2018-sdp-nufinc-cfc-pra-reitoria-aquisicao-de-passagens-aereas\/","og_locale":"pt_BR","og_type":"article","og_title":"Memorando-Circular n\u00ba 4\/2018\/SDP\/NUFINC\/CFC\/PRA\/REITORIA - Aquisi\u00e7\u00e3o de Passagens A\u00e9reas - Superintend\u00eancia de Gest\u00e3o Administrativa","og_description":"Prezados, Informamos que foi celebrado o contrato n\u00ba 28\/2018 entre a Universidade Federal de Pelotas e a Empresa WTL Turismo e Loca\u00e7\u00e3o visando suprir toda a demanda por emiss\u00f5es de bilhetes para voos dom\u00e9sticos e internacionais, tendo in\u00edcio sua execu\u00e7\u00e3o na data de hoje. Com isso, n\u00e3o se faz mais necess\u00e1rio o envio das solicita\u00e7\u00f5es [&hellip;]","og_url":"https:\/\/wp.ufpel.edu.br\/pra\/memorando-circular-no-4-2018-sdp-nufinc-cfc-pra-reitoria-aquisicao-de-passagens-aereas\/","og_site_name":"Superintend\u00eancia de Gest\u00e3o Administrativa","article_publisher":"https:\/\/www.facebook.com\/ufpel\/","article_published_time":"2018-10-01T21:19:40+00:00","author":"dmp","twitter_card":"summary_large_image","twitter_misc":{"Escrito por":"dmp","Est. tempo de leitura":"2 minutos"},"schema":{"@context":"https:\/\/schema.org","@graph":[{"@type":"Article","@id":"https:\/\/wp.ufpel.edu.br\/pra\/memorando-circular-no-4-2018-sdp-nufinc-cfc-pra-reitoria-aquisicao-de-passagens-aereas\/#article","isPartOf":{"@id":"https:\/\/wp.ufpel.edu.br\/pra\/memorando-circular-no-4-2018-sdp-nufinc-cfc-pra-reitoria-aquisicao-de-passagens-aereas\/"},"author":{"name":"dmp","@id":"https:\/\/wp.ufpel.edu.br\/pra\/#\/schema\/person\/95e04bab027ac5ff778d2e2f7a8f2250"},"headline":"Memorando-Circular n\u00ba 4\/2018\/SDP\/NUFINC\/CFC\/PRA\/REITORIA &#8211; Aquisi\u00e7\u00e3o de Passagens A\u00e9reas","datePublished":"2018-10-01T21:19:40+00:00","mainEntityOfPage":{"@id":"https:\/\/wp.ufpel.edu.br\/pra\/memorando-circular-no-4-2018-sdp-nufinc-cfc-pra-reitoria-aquisicao-de-passagens-aereas\/"},"wordCount":487,"publisher":{"@id":"https:\/\/wp.ufpel.edu.br\/pra\/#organization"},"articleSection":["Not\u00edcias","SCDP"],"inLanguage":"pt-BR"},{"@type":"WebPage","@id":"https:\/\/wp.ufpel.edu.br\/pra\/memorando-circular-no-4-2018-sdp-nufinc-cfc-pra-reitoria-aquisicao-de-passagens-aereas\/","url":"https:\/\/wp.ufpel.edu.br\/pra\/memorando-circular-no-4-2018-sdp-nufinc-cfc-pra-reitoria-aquisicao-de-passagens-aereas\/","name":"Memorando-Circular n\u00ba 4\/2018\/SDP\/NUFINC\/CFC\/PRA\/REITORIA - Aquisi\u00e7\u00e3o de Passagens A\u00e9reas - Superintend\u00eancia de Gest\u00e3o Administrativa","isPartOf":{"@id":"https:\/\/wp.ufpel.edu.br\/pra\/#website"},"datePublished":"2018-10-01T21:19:40+00:00","breadcrumb":{"@id":"https:\/\/wp.ufpel.edu.br\/pra\/memorando-circular-no-4-2018-sdp-nufinc-cfc-pra-reitoria-aquisicao-de-passagens-aereas\/#breadcrumb"},"inLanguage":"pt-BR","potentialAction":[{"@type":"ReadAction","target":["https:\/\/wp.ufpel.edu.br\/pra\/memorando-circular-no-4-2018-sdp-nufinc-cfc-pra-reitoria-aquisicao-de-passagens-aereas\/"]}]},{"@type":"BreadcrumbList","@id":"https:\/\/wp.ufpel.edu.br\/pra\/memorando-circular-no-4-2018-sdp-nufinc-cfc-pra-reitoria-aquisicao-de-passagens-aereas\/#breadcrumb","itemListElement":[{"@type":"ListItem","position":1,"name":"In\u00edcio","item":"https:\/\/wp.ufpel.edu.br\/pra\/"},{"@type":"ListItem","position":2,"name":"Memorando-Circular n\u00ba 4\/2018\/SDP\/NUFINC\/CFC\/PRA\/REITORIA &#8211; Aquisi\u00e7\u00e3o de Passagens A\u00e9reas"}]},{"@type":"WebSite","@id":"https:\/\/wp.ufpel.edu.br\/pra\/#website","url":"https:\/\/wp.ufpel.edu.br\/pra\/","name":"Pr\u00f3-Reitoria Administrativa - PRA","description":"Universidade Federal de Pelotas","publisher":{"@id":"https:\/\/wp.ufpel.edu.br\/pra\/#organization"},"potentialAction":[{"@type":"SearchAction","target":{"@type":"EntryPoint","urlTemplate":"https:\/\/wp.ufpel.edu.br\/pra\/?s={search_term_string}"},"query-input":{"@type":"PropertyValueSpecification","valueRequired":true,"valueName":"search_term_string"}}],"inLanguage":"pt-BR"},{"@type":"Organization","@id":"https:\/\/wp.ufpel.edu.br\/pra\/#organization","name":"Universidade Federal de Pelotas","url":"https:\/\/wp.ufpel.edu.br\/pra\/","logo":{"@type":"ImageObject","inLanguage":"pt-BR","@id":"https:\/\/wp.ufpel.edu.br\/pra\/#\/schema\/logo\/image\/","url":"https:\/\/wp.ufpel.edu.br\/pra\/files\/2018\/08\/download.png","contentUrl":"https:\/\/wp.ufpel.edu.br\/pra\/files\/2018\/08\/download.png","width":200,"height":200,"caption":"Universidade Federal de Pelotas"},"image":{"@id":"https:\/\/wp.ufpel.edu.br\/pra\/#\/schema\/logo\/image\/"},"sameAs":["https:\/\/www.facebook.com\/ufpel\/"]},{"@type":"Person","@id":"https:\/\/wp.ufpel.edu.br\/pra\/#\/schema\/person\/95e04bab027ac5ff778d2e2f7a8f2250","name":"dmp","image":{"@type":"ImageObject","inLanguage":"pt-BR","@id":"https:\/\/wp.ufpel.edu.br\/pra\/#\/schema\/person\/image\/","url":"https:\/\/secure.gravatar.com\/avatar\/da1ce2f58ea013eb331bb2307265933fbb8c2e4fe66df1b6be04533596b3db4a?s=96&d=mm&r=g","contentUrl":"https:\/\/secure.gravatar.com\/avatar\/da1ce2f58ea013eb331bb2307265933fbb8c2e4fe66df1b6be04533596b3db4a?s=96&d=mm&r=g","caption":"dmp"},"url":"https:\/\/wp.ufpel.edu.br\/pra\/author\/dmp\/"}]}},"jetpack_publicize_connections":[],"jetpack_featured_media_url":"","jetpack_sharing_enabled":true,"_links":{"self":[{"href":"https:\/\/wp.ufpel.edu.br\/pra\/wp-json\/wp\/v2\/posts\/3552","targetHints":{"allow":["GET"]}}],"collection":[{"href":"https:\/\/wp.ufpel.edu.br\/pra\/wp-json\/wp\/v2\/posts"}],"about":[{"href":"https:\/\/wp.ufpel.edu.br\/pra\/wp-json\/wp\/v2\/types\/post"}],"author":[{"embeddable":true,"href":"https:\/\/wp.ufpel.edu.br\/pra\/wp-json\/wp\/v2\/users\/164"}],"replies":[{"embeddable":true,"href":"https:\/\/wp.ufpel.edu.br\/pra\/wp-json\/wp\/v2\/comments?post=3552"}],"version-history":[{"count":1,"href":"https:\/\/wp.ufpel.edu.br\/pra\/wp-json\/wp\/v2\/posts\/3552\/revisions"}],"predecessor-version":[{"id":3555,"href":"https:\/\/wp.ufpel.edu.br\/pra\/wp-json\/wp\/v2\/posts\/3552\/revisions\/3555"}],"wp:attachment":[{"href":"https:\/\/wp.ufpel.edu.br\/pra\/wp-json\/wp\/v2\/media?parent=3552"}],"wp:term":[{"taxonomy":"category","embeddable":true,"href":"https:\/\/wp.ufpel.edu.br\/pra\/wp-json\/wp\/v2\/categories?post=3552"},{"taxonomy":"post_tag","embeddable":true,"href":"https:\/\/wp.ufpel.edu.br\/pra\/wp-json\/wp\/v2\/tags?post=3552"}],"curies":[{"name":"wp","href":"https:\/\/api.w.org\/{rel}","templated":true}]}}