{"id":6772,"date":"2024-02-26T17:48:12","date_gmt":"2024-02-26T20:48:12","guid":{"rendered":"https:\/\/wp.ufpel.edu.br\/ppgveterinaria\/?p=6772"},"modified":"2024-02-26T17:48:48","modified_gmt":"2024-02-26T20:48:48","slug":"convite-defesas-ppgv-4a-semana-fevereiro-3","status":"publish","type":"post","link":"https:\/\/wp.ufpel.edu.br\/ppgveterinaria\/convite-defesas-ppgv-4a-semana-fevereiro-3\/","title":{"rendered":"Convite Defesas PPGV &#8211; 4\u00aa Semana Fevereiro"},"content":{"rendered":"<p>&nbsp;<\/p>\n<p><span style=\"color: #464646;\">Convidamos para as defesas do PPGV agendadas para a quarta semana de fevereiro de 2024.<\/span><\/p>\n<p>&nbsp;<\/p>\n<p style=\"font-weight: 400;\"><span style=\"color: #464646;\"><strong>T\u00edtulo:<\/strong>\u00a0\u201cDiferentes sistemas de cria\u00e7\u00e3o e alternativas nutricionais em distintas etapas\u00a0produtivas de bovinos leiteiros\u201d<\/span><\/p>\n<p style=\"font-weight: 400;\"><span style=\"color: #464646;\"><strong>Data:<\/strong>\u00a026\/02\/2024<\/span><\/p>\n<p style=\"font-weight: 400;\"><span style=\"color: #464646;\"><strong>Hor\u00e1rio:<\/strong>\u00a008 horas e 30 minutos<\/span><\/p>\n<p style=\"font-weight: 400;\"><span style=\"color: #464646;\"><strong>Sala:<\/strong>\u00a0Faculdade de Veterin\u00e1ria &#8211; Sala 11<\/span><\/p>\n<p style=\"font-weight: 400;\"><span style=\"color: #464646;\"><strong>Aluno:<\/strong>\u00a0Ritieli dos Santos Teixeira<\/span><\/p>\n<p style=\"font-weight: 400;\"><span style=\"color: #464646;\"><strong>Orientador:<\/strong>\u00a0Dr.\u00a0Marcio Nunes Corr\u00eaa<\/span><\/p>\n<p style=\"font-weight: 400;\"><span style=\"color: #464646;\"><strong>Banca examinadora:<\/strong>\u00a0Dra.\u00a0Maria Am\u00e9lia Agnes Weiller,\u00a0Dra.\u00a0Carolina Bespalhok Jacometo,\u00a0Dra.\u00a0Mariana Magalh\u00e3es Campos\u00a0e\u00a0Dra.\u00a0Tha\u00eds Casarin da Silva\u00a0(Suplente)<\/span><\/p>\n<p style=\"font-weight: 400;\"><span style=\"color: #464646;\"><strong>\u00a0<\/strong><\/span><\/p>\n<p style=\"font-weight: 400;\"><span style=\"color: #464646;\"><strong>T\u00edtulo:<\/strong>\u00a0\u201cCovid-19 e o impacto psicocomportamental em c\u00e3es e gatos e efeito da\u00a0aplica\u00e7\u00e3o de uma emuls\u00e3o de fitoesfingosina sobre a oleosidade da pele de\u00a0c\u00e3es h\u00edgidos ou com dermatopatias controladas\u201d<\/span><\/p>\n<p style=\"font-weight: 400;\"><span style=\"color: #464646;\"><strong>Data:<\/strong>\u00a026\/02\/2024<\/span><\/p>\n<p style=\"font-weight: 400;\"><span style=\"color: #464646;\"><strong>Hor\u00e1rio:<\/strong>\u00a009 horas<\/span><\/p>\n<p style=\"font-weight: 400;\"><span style=\"color: #464646;\"><strong>Sala:<\/strong>\u00a0Faculdade de Veterin\u00e1ria &#8211; Sala 10<\/span><\/p>\n<p style=\"font-weight: 400;\"><span style=\"color: #464646;\"><strong>Aluno:<\/strong>\u00a0Eduarda\u00a0Santos Bierhals<\/span><\/p>\n<p style=\"font-weight: 400;\"><span style=\"color: #464646;\"><strong>Orientador:<\/strong>\u00a0Dra.\u00a0M\u00e1rcia de Oliveira Nobre<\/span><\/p>\n<p style=\"font-weight: 400;\"><span style=\"color: #464646;\"><strong>Banca examinadora:<\/strong>\u00a0Dr.\u00a0Cristiano Silva da Rosa,\u00a0Dra.\u00a0Marlete Brum Cleff,\u00a0Dr.\u00a0Alexsander Ferraz\u00a0e\u00a0Dra.\u00a0Fabiane Borelli Grecco\u00a0(Suplente)<\/span><\/p>\n<p>&nbsp;<\/p>\n<p style=\"font-weight: 400;\"><span style=\"color: #464646;\"><strong>T\u00edtulo:<\/strong>\u00a0\u201cPesquisa de anticorpos anti-Leptospira em c\u00e3es e gatos na cidade de\u00a0Pelotas\/RS\u201d<\/span><\/p>\n<p style=\"font-weight: 400;\"><span style=\"color: #464646;\"><strong>Data:<\/strong>\u00a026\/02\/2024<\/span><\/p>\n<p style=\"font-weight: 400;\"><span style=\"color: #464646;\"><strong>Hor\u00e1rio:<\/strong>\u00a009 horas<\/span><\/p>\n<p style=\"font-weight: 400;\"><span style=\"color: #464646;\"><strong>Sala:<\/strong>\u00a0Faculdade de Veterin\u00e1ria &#8211;\u00a0Antigo\u00a0MicVet<\/span><\/p>\n<p style=\"font-weight: 400;\"><span style=\"color: #464646;\"><strong>Aluno:<\/strong>\u00a0Francieli Dell&#8217;Osbel<\/span><\/p>\n<p style=\"font-weight: 400;\"><span style=\"color: #464646;\"><strong>Orientador:<\/strong>\u00a0Dr.\u00a0\u00c9verton Fagonde da Silva<\/span><\/p>\n<p style=\"font-weight: 400;\"><span style=\"color: #464646;\"><strong>Banca examinadora:<\/strong>\u00a0Dra.\u00a0Sabrina de Oliveira Capella,\u00a0Dra.\u00a0Eliza Simone Vi\u00e9gas Sallis,\u00a0Dr.\u00a0Amilton Clair Pinto Seixas Neto\u00a0e\u00a0Dr.\u00a0Leandro Quintana Nizoli\u00a0(Suplente)<\/span><\/p>\n<p>&nbsp;<\/p>\n<p style=\"font-weight: 400;\"><span style=\"color: #464646;\"><strong>T\u00edtulo:<\/strong>\u00a0\u201cUso de ezetimiba no tratamento de c\u00e3es com dislipidemia\u201d<\/span><\/p>\n<p style=\"font-weight: 400;\"><span style=\"color: #464646;\"><strong>Data:<\/strong>\u00a026\/02\/2024<\/span><\/p>\n<p style=\"font-weight: 400;\"><span style=\"color: #464646;\"><strong>Hor\u00e1rio:<\/strong>\u00a014 horas<\/span><\/p>\n<p style=\"font-weight: 400;\"><span style=\"color: #464646;\"><strong>Sala:<\/strong>\u00a0<a style=\"color: #464646;\" href=\"https:\/\/webconf.ufpel.edu.br\/b\/mar-ily-opy-ggd\" data-saferedirecturl=\"https:\/\/www.google.com\/url?q=https:\/\/webconf.ufpel.edu.br\/b\/mar-ily-opy-ggd&amp;source=gmail&amp;ust=1709066833830000&amp;usg=AOvVaw15NbuQzS08SrdWyC8i4GZ9\">https:\/\/webconf.ufpel.edu.br\/b\/mar-ily-opy-ggd<\/a><\/span><\/p>\n<p style=\"font-weight: 400;\"><span style=\"color: #464646;\"><strong>Aluno:<\/strong>\u00a0P\u00e9ter de Lima Wachholz<\/span><\/p>\n<p style=\"font-weight: 400;\"><span style=\"color: #464646;\"><strong>Orientador:<\/strong>\u00a0Dra.\u00a0M\u00e1rcia de Oliveira Nobre<\/span><\/p>\n<p style=\"font-weight: 400;\"><span style=\"color: #464646;\"><strong>Banca examinadora:<\/strong>\u00a0Dr.\u00a0S\u00e9rgio Jorge,\u00a0Dr.\u00a0Alan Gomes P\u00f6ppl,\u00a0Dra.\u00a0Regina Celis Pereira Reiniger\u00a0e\u00a0Dra. Fabiane Borelli Grecco\u00a0(Suplente)<\/span><\/p>\n<p>&nbsp;<\/p>\n<p style=\"font-weight: 400;\"><span style=\"color: #464646;\"><strong>T\u00edtulo:<\/strong>\u00a0\u201cIdentifica\u00e7\u00e3o molecular de micoplasmas hemotr\u00f3picos em felinos dom\u00e9sticos\u201d<\/span><\/p>\n<p style=\"font-weight: 400;\"><span style=\"color: #464646;\"><strong>Data:<\/strong>\u00a027\/02\/2024<\/span><\/p>\n<p style=\"font-weight: 400;\"><span style=\"color: #464646;\"><strong>Hor\u00e1rio:<\/strong>\u00a008 horas e 30 minutos<\/span><\/p>\n<p style=\"font-weight: 400;\"><span style=\"color: #464646;\"><strong>Sala:<\/strong>\u00a0Faculdade de Veterin\u00e1ria &#8211; Sala 11<\/span><\/p>\n<p style=\"font-weight: 400;\"><span style=\"color: #464646;\"><strong>Aluno:<\/strong>\u00a0Paola Renata Joanol Dallmann<\/span><\/p>\n<p style=\"font-weight: 400;\"><span style=\"color: #464646;\"><strong>Orientador:<\/strong>\u00a0Dr.\u00a0Rodrigo Casquero Cunha<\/span><\/p>\n<p style=\"font-weight: 400;\"><span style=\"color: #464646;\"><strong>Banca examinadora:<\/strong>\u00a0Dr.\u00a0F\u00e1bio Pereira Leivas Leite,\u00a0Dra.\u00a0Camila Belmonte Oliveira,\u00a0Dr.\u00a0Felipe Geraldo Pappen\u00a0e\u00a0Dr.\u00a0Luiz Filipe Dam\u00e9 Schuch\u00a0(Suplente)<\/span><\/p>\n<p>&nbsp;<\/p>\n<p style=\"font-weight: 400;\"><span style=\"color: #464646;\"><strong>T\u00edtulo:<\/strong>\u00a0\u201cAvalia\u00e7\u00e3o do corante Tricr\u00f4mico de G\u00f4mori para estudo de fol\u00edculos pr\u00e9-antrais inclusos em tecido ovariano na esp\u00e9cie equina\u201d<\/span><\/p>\n<p style=\"font-weight: 400;\"><span style=\"color: #464646;\"><strong>Data:<\/strong>\u00a027\/02\/2024<\/span><\/p>\n<p style=\"font-weight: 400;\"><span style=\"color: #464646;\"><strong>Hor\u00e1rio:<\/strong>\u00a009 horas<\/span><\/p>\n<p style=\"font-weight: 400;\"><span style=\"color: #464646;\"><strong>Sala:\u00a0<\/strong><a style=\"color: #464646;\" href=\"https:\/\/webconf.ufpel.edu.br\/b\/bru-4t4-gxf\" data-saferedirecturl=\"https:\/\/www.google.com\/url?q=https:\/\/webconf.ufpel.edu.br\/b\/bru-4t4-gxf&amp;source=gmail&amp;ust=1709066833830000&amp;usg=AOvVaw2CbPSi6Vn2HK9moVVCa0-0\">https:\/\/webconf.ufpel.edu.br\/b\/bru-4t4-gxf<\/a><\/span><\/p>\n<p style=\"font-weight: 400;\"><span style=\"color: #464646;\"><strong>Aluno:<\/strong>\u00a0Luiza Gheno<\/span><\/p>\n<p style=\"font-weight: 400;\"><span style=\"color: #464646;\"><strong>Orientador:<\/strong>\u00a0Dra.\u00a0Bruna da Rosa Curcio<\/span><\/p>\n<p style=\"font-weight: 400;\"><span style=\"color: #464646;\"><strong>Banca examinadora:<\/strong>\u00a0Dr.\u00a0Francisco L\u00e9o Nascimento de Aguiar,\u00a0Dr.\u00a0Rodrigo Desessards Jardim,\u00a0Dr.\u00a0Rafael Gianella Mondadori\u00a0e\u00a0Dr.\u00a0Carlos Eduardo Wayne Nogueira\u00a0(Suplente)<\/span><\/p>\n<p>&nbsp;<\/p>\n<p style=\"font-weight: 400;\"><span style=\"color: #464646;\"><strong>T\u00edtulo:<\/strong>\u00a0\u201cEstudo sobre o desenvolvimento de fibrose em rins de c\u00e3es e gatos com\u00a0inj\u00faria renal aguda\u201d<\/span><\/p>\n<p style=\"font-weight: 400;\"><span style=\"color: #464646;\"><strong>Data:<\/strong>\u00a027\/02\/2024<\/span><\/p>\n<p style=\"font-weight: 400;\"><span style=\"color: #464646;\"><strong>Hor\u00e1rio:<\/strong>\u00a009 horas<\/span><\/p>\n<p style=\"font-weight: 400;\"><span style=\"color: #464646;\"><strong>Sala:<\/strong>\u00a0Faculdade de Veterin\u00e1ria &#8211;\u00a0Sala Did\u00e1tica da Patologia<\/span><\/p>\n<p style=\"font-weight: 400;\"><span style=\"color: #464646;\"><strong>Aluno:<\/strong>\u00a0J\u00falia Vargas Miranda<\/span><\/p>\n<p style=\"font-weight: 400;\"><span style=\"color: #464646;\"><strong>Orientador:<\/strong>\u00a0Dra.\u00a0Fabiane Borelli Grecco<\/span><\/p>\n<p style=\"font-weight: 400;\"><span style=\"color: #464646;\"><strong>Banca examinadora:<\/strong>\u00a0Dra.\u00a0Eliza Simone Vi\u00e9gas Sallis,\u00a0Dr.\u00a0S\u00e9rgio Jorge,\u00a0Dra.\u00a0Carolina da Fonseca Sapin\u00a0e\u00a0Dra.\u00a0Lu\u00edsa Mariano Cerqueira da Silva\u00a0(Suplente)<\/span><\/p>\n<p>&nbsp;<\/p>\n<p style=\"font-weight: 400;\"><span style=\"color: #464646;\"><strong>T\u00edtulo:<\/strong>\u00a0\u201cAvalia\u00e7\u00f5es de cremes cicatrizante com extratos vegetais de urucum e trigo\u00a0associado \u00e0 imunomodula\u00e7\u00e3o junto ao tratamento convencional da\u00a0esporotricose\u201d<\/span><\/p>\n<p style=\"font-weight: 400;\"><span style=\"color: #464646;\"><strong>Data:<\/strong>\u00a028\/02\/2024<\/span><\/p>\n<p style=\"font-weight: 400;\"><span style=\"color: #464646;\"><strong>Hor\u00e1rio:<\/strong>\u00a009 horas<\/span><\/p>\n<p style=\"font-weight: 400;\"><span style=\"color: #464646;\"><strong>Sala:<\/strong>\u00a0Faculdade de Veterin\u00e1ria &#8211; Sala 11<\/span><\/p>\n<p style=\"font-weight: 400;\"><span style=\"color: #464646;\"><strong>Aluno:<\/strong>\u00a0Martha Bravo Cruz Pi\u00f1eiro<\/span><\/p>\n<p style=\"font-weight: 400;\"><span style=\"color: #464646;\"><strong>Orientador:<\/strong>\u00a0Dra.\u00a0M\u00e1rcia de Oliveira Nobre<\/span><\/p>\n<p style=\"font-weight: 400;\"><span style=\"color: #464646;\"><strong>Banca examinadora:<\/strong>\u00a0Dra.\u00a0Cristina Gevehr Fernandes,\u00a0Dra.\u00a0Melissa Orzechowski Xavier,\u00a0Dr.\u00a0S\u00e9rgio Jorge\u00a0e\u00a0Dra.\u00a0Vanice Rodrigues Poester\u00a0(Suplente)<\/span><\/p>\n<p>&nbsp;<\/p>\n<p style=\"font-weight: 400;\"><span style=\"color: #464646;\"><strong>T\u00edtulo:<\/strong>\u00a0\u201cIdentifica\u00e7\u00e3o molecular e epidemiologia das esp\u00e9cies de\u00a0<em>Sporothrix<\/em>\u00a0spp.\u00a0provenientes de c\u00e3es e gatos na regi\u00e3o Sul do Rio Grande do Sul\u201d<\/span><\/p>\n<p style=\"font-weight: 400;\"><span style=\"color: #464646;\"><strong>Data:<\/strong>\u00a029\/02\/2024<\/span><\/p>\n<p style=\"font-weight: 400;\"><span style=\"color: #464646;\"><strong>Hor\u00e1rio:<\/strong>\u00a008 horas e 30 minutos<\/span><\/p>\n<p style=\"font-weight: 400;\"><span style=\"color: #464646;\"><strong>Sala:<\/strong>\u00a0Faculdade de Veterin\u00e1ria &#8211;\u00a0Sala 17<\/span><\/p>\n<p style=\"font-weight: 400;\"><span style=\"color: #464646;\"><strong>Aluno:<\/strong>\u00a0Gabriela Ladeira Sanzo<\/span><\/p>\n<p style=\"font-weight: 400;\"><span style=\"color: #464646;\"><strong>Orientador:<\/strong>\u00a0Dra.\u00a0Renata Os\u00f3rio de Faria<\/span><\/p>\n<p style=\"font-weight: 400;\"><span style=\"color: #464646;\"><strong>Banca examinadora:<\/strong>\u00a0Dra.\u00a0Marlete Brum Cleff,\u00a0Dr.\u00a0Rodrigo Casquero Cunha,\u00a0Dra.\u00a0Sabrina de Oliveira Capella\u00a0e\u00a0Dra.\u00a0S\u00edlvia Regina Leal Ladeira\u00a0(Suplente)<\/span><\/p>\n<p>&nbsp;<\/p>\n<p style=\"font-weight: 400;\"><span style=\"color: #464646;\"><strong>T\u00edtulo:<\/strong>\u00a0\u201cInflu\u00eancia da sa\u00fade de vacas leiteiras sobre o desempenho reprodutivo\u201d<\/span><\/p>\n<p style=\"font-weight: 400;\"><span style=\"color: #464646;\"><strong>Data:<\/strong>\u00a029\/02\/2024<\/span><\/p>\n<p style=\"font-weight: 400;\"><span style=\"color: #464646;\"><strong>Hor\u00e1rio:<\/strong>\u00a008 horas e 30 minutos<\/span><\/p>\n<p style=\"font-weight: 400;\"><span style=\"color: #464646;\"><strong>Sala:<\/strong>\u00a0<a style=\"color: #464646;\" href=\"https:\/\/webconf.ufpel.edu.br\/b\/vag-wav-wjw-bzn\" data-saferedirecturl=\"https:\/\/www.google.com\/url?q=https:\/\/webconf.ufpel.edu.br\/b\/vag-wav-wjw-bzn&amp;source=gmail&amp;ust=1709066833830000&amp;usg=AOvVaw2aWmCufbwyJnqtnTQI_giP\">https:\/\/webconf.ufpel.edu.br\/b\/vag-wav-wjw-bzn<\/a><\/span><\/p>\n<p style=\"font-weight: 400;\"><span style=\"color: #464646;\"><strong>Aluno:<\/strong>\u00a0Vagner\u00a0Lucheze<\/span><\/p>\n<p style=\"font-weight: 400;\"><span style=\"color: #464646;\"><strong>Orientador:<\/strong>\u00a0Dr.\u00a0Marcio Nunes Corr\u00eaa<\/span><\/p>\n<p style=\"font-weight: 400;\"><span style=\"color: #464646;\"><strong>Banca examinadora:<\/strong>\u00a0Dr.\u00a0Marcelo da Silva Cecim,\u00a0Dr.\u00a0Carlos Bondan,\u00a0Dra.\u00a0Elizabeth Schwegler\u00a0e\u00a0Dr.\u00a0Uriel Secco Londero\u00a0(Suplente)<\/span><\/p>\n<p style=\"font-weight: 400;\"><span style=\"color: #464646;\"><strong>\u00a0<\/strong><\/span><\/p>\n<p style=\"font-weight: 400;\"><span style=\"color: #464646;\"><strong>T\u00edtulo:<\/strong>\u00a0\u201cImunogenicidade de uma vacina inativada contra o\u00a0<em>Senecavirus<\/em>\u00a0A\u201d<\/span><\/p>\n<p style=\"font-weight: 400;\"><span style=\"color: #464646;\"><strong>Data:<\/strong>\u00a029\/02\/2024<\/span><\/p>\n<p style=\"font-weight: 400;\"><span style=\"color: #464646;\"><strong>Hor\u00e1rio:<\/strong>\u00a009 horas<\/span><\/p>\n<p style=\"font-weight: 400;\"><span style=\"color: #464646;\"><strong>Sala:<\/strong>\u00a0Faculdade de Veterin\u00e1ria &#8211; Sala da Dire\u00e7\u00e3o<\/span><\/p>\n<p style=\"font-weight: 400;\"><span style=\"color: #464646;\"><strong>Aluno:<\/strong>\u00a0Amanda\u00a0de Oliveira Barbosa<\/span><\/p>\n<p style=\"font-weight: 400;\"><span style=\"color: #464646;\"><strong>Orientador:<\/strong>\u00a0Dr.\u00a0Marcelo de Lima<\/span><\/p>\n<p style=\"font-weight: 400;\"><span style=\"color: #464646;\"><strong>Banca examinadora:<\/strong>\u00a0Dra.\u00a0Silvia de Oliveira H\u00fcbner,\u00a0Dr.\u00a0Geferson Fischer,\u00a0Dr.\u00a0M\u00e1rio Celso Sperotto Brum\u00a0e\u00a0Dra.\u00a0Danielle Gava\u00a0(Suplente)<\/span><\/p>\n<p style=\"font-weight: 400;\"><span style=\"color: #464646;\"><strong>\u00a0<\/strong><\/span><\/p>\n<p style=\"font-weight: 400;\"><span style=\"color: #464646;\"><strong>T\u00edtulo:<\/strong>\u00a0\u201cNeoplasias da gl\u00e2ndula mam\u00e1ria e do sistema reprodutor de caninos,\u00a0felinos e pets n\u00e3o convencionais\u201d<\/span><\/p>\n<p style=\"font-weight: 400;\"><span style=\"color: #464646;\"><strong>Data:<\/strong>\u00a029\/02\/2024<\/span><\/p>\n<p style=\"font-weight: 400;\"><span style=\"color: #464646;\"><strong>Hor\u00e1rio:<\/strong>\u00a010 horas<\/span><\/p>\n<p style=\"font-weight: 400;\"><span style=\"color: #464646;\"><strong>Sala:<\/strong>\u00a0Faculdade de Veterin\u00e1ria &#8211; Sala 11<\/span><\/p>\n<p style=\"font-weight: 400;\"><span style=\"color: #464646;\"><strong>Aluno:<\/strong>\u00a0Marta\u00a0Santos de Moraes<\/span><\/p>\n<p style=\"font-weight: 400;\"><span style=\"color: #464646;\"><strong>Orientador:<\/strong>\u00a0Dra.\u00a0Eliza Simone Vi\u00e9gas Sallis<\/span><\/p>\n<p style=\"font-weight: 400;\"><span style=\"color: #464646;\"><strong>Banca examinadora:<\/strong>\u00a0Dra.\u00a0Taina dos Santos Alberti,\u00a0Dra.\u00a0Haide Valeska Scheid,\u00a0Dra.\u00a0Rosimeri Zamboni\u00a0e\u00a0Dra.\u00a0Josiane Bonel\u00a0(Suplente)<\/span><\/p>\n<p style=\"font-weight: 400;\"><span style=\"color: #464646;\"><strong>\u00a0<\/strong><\/span><\/p>\n<p style=\"font-weight: 400;\"><span style=\"color: #464646;\"><strong>T\u00edtulo:<\/strong>\u00a0\u201cAvalia\u00e7\u00e3o da Sistem\u00e1tica de Classifica\u00e7\u00e3o e Gradua\u00e7\u00e3o de Neoplasmas Mesenquimais em c\u00e3es\u201d<\/span><\/p>\n<p style=\"font-weight: 400;\"><span style=\"color: #464646;\"><strong>Data:<\/strong>\u00a029\/02\/2024<\/span><\/p>\n<p style=\"font-weight: 400;\"><span style=\"color: #464646;\"><strong>Hor\u00e1rio:<\/strong>\u00a014 horas<\/span><\/p>\n<p style=\"font-weight: 400;\"><span style=\"color: #464646;\"><strong>Sala:<\/strong>\u00a0Faculdade de Veterin\u00e1ria &#8211; Sala 11<\/span><\/p>\n<p style=\"font-weight: 400;\"><span style=\"color: #464646;\"><strong>Aluno:<\/strong>\u00a0Lu\u00edsa\u00a0Grecco Corr\u00eaa<\/span><\/p>\n<p style=\"font-weight: 400;\"><span style=\"color: #464646;\"><strong>Orientador:<\/strong>\u00a0Dra.\u00a0Cristina Gevehr Fernandes<\/span><\/p>\n<p style=\"font-weight: 400;\"><span style=\"color: #464646;\"><strong>Banca examinadora:<\/strong>\u00a0Dr.\u00a0S\u00e9rgio Jorge,\u00a0Dra.\u00a0Clarissa Caetano de Castro,\u00a0Dra.\u00a0Michele Berselli, Dr.\u00a0Thomas Normanton Guim\u00a0(Suplente)<\/span><\/p>\n<p style=\"font-weight: 400;\"><span style=\"color: #464646;\"><strong>\u00a0<\/strong><\/span><\/p>\n<p style=\"font-weight: 400;\"><span style=\"color: #464646;\"><strong>T\u00edtulo:<\/strong>\u00a0\u201cAn\u00e1lise de conte\u00fado e abordagem de orienta\u00e7\u00f5es veiculadas em m\u00eddias socias referente a esteriliza\u00e7\u00e3o cir\u00fargica de animais de\u00a0companhia\u201d<\/span><\/p>\n<p style=\"font-weight: 400;\"><span style=\"color: #464646;\"><strong>Data:<\/strong>\u00a029\/02\/2024<\/span><\/p>\n<p style=\"font-weight: 400;\"><span style=\"color: #464646;\"><strong>Hor\u00e1rio:<\/strong>\u00a015 horas<\/span><\/p>\n<p style=\"font-weight: 400;\"><span style=\"color: #464646;\"><strong>Sala:<\/strong>\u00a0<a style=\"color: #464646;\" href=\"https:\/\/meet.google.com\/mug-kojw-xib\" data-saferedirecturl=\"https:\/\/www.google.com\/url?q=https:\/\/meet.google.com\/mug-kojw-xib&amp;source=gmail&amp;ust=1709066833831000&amp;usg=AOvVaw3p8xe_NFdQi8pC6AdOoUO_\">https:\/\/meet.google.com\/mug-kojw-xib<\/a>\u00a0<\/span><\/p>\n<p style=\"font-weight: 400;\"><span style=\"color: #464646;\"><strong>Aluno:<\/strong>\u00a0Renata\u00a0Paula Marcolan<\/span><\/p>\n<p style=\"font-weight: 400;\"><span style=\"color: #464646;\"><strong>Orientador:<\/strong>\u00a0Dra.\u00a0Carine Dahl Corcini<\/span><\/p>\n<p style=\"font-weight: 400;\"><span style=\"color: #464646;\"><strong>Banca examinadora:<\/strong>\u00a0Dra.\u00a0Cristine Cioato da Silva,\u00a0Dra.\u00a0Rochana Rodrigues Fett,\u00a0Dr.\u00a0F\u00e1bio Raphael Pascoti Bruhn\u00a0e\u00a0Dr.\u00a0Antonio Sergio Varela Junior\u00a0(Suplente)<\/span><\/p>\n<p style=\"font-weight: 400;\"><span style=\"color: #464646;\"><strong>\u00a0<\/strong><\/span><\/p>\n<p style=\"font-weight: 400;\"><span style=\"color: #464646;\"><strong>T\u00edtulo:<\/strong>\u00a0\u201cEstudo da morfometria do alanc\u00f3rion em \u00e9guas gestantes sadias da ra\u00e7a\u00a0Crioula\u201d<\/span><\/p>\n<p style=\"font-weight: 400;\"><span style=\"color: #464646;\"><strong>Data:<\/strong>\u00a001\/03\/2024<\/span><\/p>\n<p style=\"font-weight: 400;\"><span style=\"color: #464646;\"><strong>Hor\u00e1rio:<\/strong>\u00a014 horas<\/span><\/p>\n<p style=\"font-weight: 400;\"><span style=\"color: #464646;\"><strong>Sala:<\/strong>\u00a0<a style=\"color: #464646;\" href=\"https:\/\/webconf.ufpel.edu.br\/b\/bru-4t4-gxf\" data-saferedirecturl=\"https:\/\/www.google.com\/url?q=https:\/\/webconf.ufpel.edu.br\/b\/bru-4t4-gxf&amp;source=gmail&amp;ust=1709066833831000&amp;usg=AOvVaw3XJhNf0NCmo5frc6irsePg\">https:\/\/webconf.ufpel.edu.br\/b\/bru-4t4-gxf<\/a><\/span><\/p>\n<p style=\"font-weight: 400;\"><span style=\"color: #464646;\"><strong>Aluno:<\/strong>\u00a0Gabriela\u00a0Castro da Silva<\/span><\/p>\n<p style=\"font-weight: 400;\"><span style=\"color: #464646;\"><strong>Orientador:<\/strong>\u00a0Dra.\u00a0Bruna da Rosa Curcio<\/span><\/p>\n<p style=\"font-weight: 400;\"><span style=\"color: #464646;\"><strong>Banca examinadora:<\/strong>\u00a0Dra.\u00a0Fernanda Maria Pazinato,\u00a0Dr.\u00a0Carlos Eduardo Wayne Nogueira,\u00a0Dra.\u00a0Maria Augusta Alonso\u00a0e\u00a0Dra.\u00a0Carine Dahl Corcini\u00a0(Suplente)<\/span><\/p>\n","protected":false},"excerpt":{"rendered":"<p>&nbsp; Convidamos para as defesas do PPGV agendadas para a quarta semana de fevereiro de 2024. &nbsp; T\u00edtulo:\u00a0\u201cDiferentes sistemas de cria\u00e7\u00e3o e alternativas nutricionais em distintas etapas\u00a0produtivas de bovinos leiteiros\u201d Data:\u00a026\/02\/2024 Hor\u00e1rio:\u00a008 horas e 30 minutos Sala:\u00a0Faculdade de Veterin\u00e1ria &#8211; Sala 11 Aluno:\u00a0Ritieli dos Santos Teixeira Orientador:\u00a0Dr.\u00a0Marcio Nunes Corr\u00eaa Banca examinadora:\u00a0Dra.\u00a0Maria Am\u00e9lia Agnes Weiller,\u00a0Dra.\u00a0Carolina Bespalhok [&hellip;]<\/p>\n","protected":false},"author":391,"featured_media":0,"comment_status":"closed","ping_status":"closed","sticky":false,"template":"","format":"standard","meta":{"footnotes":""},"categories":[76430],"tags":[],"class_list":["post-6772","post","type-post","status-publish","format-standard","hentry","category-noticias"],"jetpack_featured_media_url":"","_links":{"self":[{"href":"https:\/\/wp.ufpel.edu.br\/ppgveterinaria\/wp-json\/wp\/v2\/posts\/6772","targetHints":{"allow":["GET"]}}],"collection":[{"href":"https:\/\/wp.ufpel.edu.br\/ppgveterinaria\/wp-json\/wp\/v2\/posts"}],"about":[{"href":"https:\/\/wp.ufpel.edu.br\/ppgveterinaria\/wp-json\/wp\/v2\/types\/post"}],"author":[{"embeddable":true,"href":"https:\/\/wp.ufpel.edu.br\/ppgveterinaria\/wp-json\/wp\/v2\/users\/391"}],"replies":[{"embeddable":true,"href":"https:\/\/wp.ufpel.edu.br\/ppgveterinaria\/wp-json\/wp\/v2\/comments?post=6772"}],"version-history":[{"count":2,"href":"https:\/\/wp.ufpel.edu.br\/ppgveterinaria\/wp-json\/wp\/v2\/posts\/6772\/revisions"}],"predecessor-version":[{"id":6775,"href":"https:\/\/wp.ufpel.edu.br\/ppgveterinaria\/wp-json\/wp\/v2\/posts\/6772\/revisions\/6775"}],"wp:attachment":[{"href":"https:\/\/wp.ufpel.edu.br\/ppgveterinaria\/wp-json\/wp\/v2\/media?parent=6772"}],"wp:term":[{"taxonomy":"category","embeddable":true,"href":"https:\/\/wp.ufpel.edu.br\/ppgveterinaria\/wp-json\/wp\/v2\/categories?post=6772"},{"taxonomy":"post_tag","embeddable":true,"href":"https:\/\/wp.ufpel.edu.br\/ppgveterinaria\/wp-json\/wp\/v2\/tags?post=6772"}],"curies":[{"name":"wp","href":"https:\/\/api.w.org\/{rel}","templated":true}]}}