{"id":6769,"date":"2024-02-20T16:22:55","date_gmt":"2024-02-20T19:22:55","guid":{"rendered":"https:\/\/wp.ufpel.edu.br\/ppgveterinaria\/?p=6769"},"modified":"2024-02-20T16:22:55","modified_gmt":"2024-02-20T19:22:55","slug":"convite-defesas-ppgv-3a-semana-fevereiro-3","status":"publish","type":"post","link":"https:\/\/wp.ufpel.edu.br\/ppgveterinaria\/convite-defesas-ppgv-3a-semana-fevereiro-3\/","title":{"rendered":"Convite Defesas PPGV &#8211; 3\u00aa Semana Fevereiro"},"content":{"rendered":"<p>&nbsp;<\/p>\n<p><span style=\"color: #464646;\">Convidamos para as defesas do PPGV agendadas para a terceira semana de fevereiro de 2024.<\/span><\/p>\n<p>&nbsp;<\/p>\n<p><span style=\"color: #464646;\"><strong>T\u00edtulo:<\/strong>\u00a0\u201cProcesso inflamat\u00f3rio nos equinos, e a consequ\u00eancia da obesidade na vida\u00a0reprodutiva das \u00e9guas\u201d<\/span><\/p>\n<p><span style=\"color: #464646;\"><strong>Data:<\/strong>\u00a020\/02\/2024<\/span><\/p>\n<p><span style=\"color: #464646;\"><strong>Hor\u00e1rio:<\/strong>\u00a014 horas<\/span><\/p>\n<p><span style=\"color: #464646;\"><strong>Sala:<\/strong>\u00a0Faculdade de Veterin\u00e1ria &#8211; Sala 10<\/span><\/p>\n<p><span style=\"color: #464646;\"><strong>Aluno:<\/strong>\u00a0Marcos Eduardo Neto<\/span><\/p>\n<p><span style=\"color: #464646;\"><strong>Orientador:<\/strong>\u00a0Dr. Carlos Eduardo Wayne Nogueira<\/span><\/p>\n<p><span style=\"color: #464646;\"><strong>Banca examinadora:<\/strong>\u00a0Dra.\u00a0Bruna da Rosa Curcio,\u00a0Dra.\u00a0Cristina Gevehr\u00a0Fernandes,\u00a0Dr.\u00a0Marcos Azevedo e\u00a0Dr.\u00a0Leandro Am\u00e9rico Rafael (Suplente)<\/span><\/p>\n<p>&nbsp;<\/p>\n<p><span style=\"color: #464646;\"><strong>T\u00edtulo:<\/strong>\u00a0\u201cAvalia\u00e7\u00e3o de dados do sistema de sa\u00fade e elabora\u00e7\u00e3o de ferramentas de\u00a0triagem\u201d<\/span><\/p>\n<p><span style=\"color: #464646;\"><strong>Data:<\/strong>\u00a020\/02\/2024<\/span><\/p>\n<p><span style=\"color: #464646;\"><strong>Hor\u00e1rio:<\/strong>\u00a014 horas<\/span><\/p>\n<p><span style=\"color: #464646;\"><strong>Sala:<\/strong>\u00a0Faculdade de Veterin\u00e1ria &#8211; Sala 11<\/span><\/p>\n<p><span style=\"color: #464646;\"><strong>Aluno:<\/strong>\u00a0Bianca\u00a0Conrad Bohm<\/span><\/p>\n<p><span style=\"color: #464646;\"><strong>Orientador:<\/strong>\u00a0Dr.\u00a0F\u00e1bio Raphael Pascoti Bruhn<\/span><\/p>\n<p><span style=\"color: #464646;\"><strong>Banca examinadora:<\/strong>\u00a0Dr.\u00a0David Soeiro Barbosa,\u00a0Dra.\u00a0Caroline Vasconcellos Lopes,\u00a0Dra.\u00a0Carine Dahl Corcini\u00a0e\u00a0Dra.\u00a0Fernanda de Rezende Pinto\u00a0(Suplente)<\/span><\/p>\n<p><span style=\"color: #464646;\"><strong>\u00a0<\/strong><\/span><\/p>\n<p><span style=\"color: #464646;\"><strong>T\u00edtulo:<\/strong>\u00a0\u201cSonoanatomia e bloqueio anest\u00e9sico do plexo braquial em Quiri-Quiri (<em>Falco\u00a0sparverius<\/em>), Falc\u00e3o-de-coleira (<em>Falco femoralis<\/em>) e Carcar\u00e1 (<em>Caracara plancus<\/em>)\u201d<\/span><\/p>\n<p><span style=\"color: #464646;\"><strong>Data:<\/strong>\u00a020\/02\/2024<\/span><\/p>\n<p><span style=\"color: #464646;\"><strong>Hor\u00e1rio:<\/strong>\u00a014 horas<\/span><\/p>\n<p><span style=\"color: #464646;\"><strong>Sala:<\/strong>\u00a0Faculdade de Veterin\u00e1ria &#8211; MicVet<\/span><\/p>\n<p><span style=\"color: #464646;\"><strong>Aluno:<\/strong>\u00a0Ana\u00a0Paula\u00a0Morel<\/span><\/p>\n<p><span style=\"color: #464646;\"><strong>Orientador:<\/strong>\u00a0Dr.\u00a0Marcio Nunes Corr\u00eaa<\/span><\/p>\n<p><span style=\"color: #464646;\"><strong>Banca examinadora:<\/strong>\u00a0Dra.\u00a0Mar\u00edlia Teresa de Oliveira,\u00a0Dr.\u00a0F\u00e1bio Futema,\u00a0Dr.\u00a0Paulo Mota Bandarra\u00a0e\u00a0Dra.\u00a0Marlete Brum Cleff\u00a0(Suplente)<\/span><\/p>\n<p><span style=\"color: #464646;\"><strong>\u00a0<\/strong><\/span><\/p>\n<p><span style=\"color: #464646;\"><strong>T\u00edtulo:<\/strong>\u00a0\u201cUtiliza\u00e7\u00e3o de Bacillus licheniformis e Bacillus subtilis na alimenta\u00e7\u00e3o durante o\u00a0pr\u00e9 e p\u00f3s parto de vacas leiteiras e seus efeitos sobre par\u00e2metros alimentares,\u00a0comportamentais e produtivos\u201d<\/span><\/p>\n<p><span style=\"color: #464646;\"><strong>Data:<\/strong>\u00a022\/02\/2024<\/span><\/p>\n<p><span style=\"color: #464646;\"><strong>Hor\u00e1rio:<\/strong>\u00a008 horas e 30 minutos<\/span><\/p>\n<p><span style=\"color: #464646;\"><strong>Sala:<\/strong>\u00a0<a style=\"color: #464646;\" href=\"https:\/\/webconf.ufpel.edu.br\/b\/mur-nhy-b8d-bfp\" data-saferedirecturl=\"https:\/\/www.google.com\/url?q=https:\/\/webconf.ufpel.edu.br\/b\/mur-nhy-b8d-bfp&amp;source=gmail&amp;ust=1708543296054000&amp;usg=AOvVaw2cc-9lLtPwl1_1aN-KnNX5\">https:\/\/webconf.ufpel.edu.br\/b\/mur-nhy-b8d-bfp<\/a><\/span><\/p>\n<p><span style=\"color: #464646;\"><strong>Aluno:<\/strong>\u00a0Murilo\u00a0Scalcon Nicola<\/span><\/p>\n<p><span style=\"color: #464646;\"><strong>Orientador:<\/strong>\u00a0Dr.\u00a0Marcio Nunes Corr\u00eaa<\/span><\/p>\n<p><span style=\"color: #464646;\"><strong>Banca examinadora:<\/strong>\u00a0Dr.\u00a0Bruno Ieda Cappellozza,\u00a0Dra.\u00a0J\u00e9ssica Halfen,\u00a0Dra.\u00a0Eliza Rossi Komninou\u00a0e\u00a0Dr.\u00a0Uriel Secco Londero\u00a0(Suplente)<\/span><\/p>\n<p><span style=\"color: #464646;\"><strong>\u00a0<\/strong><\/span><\/p>\n<p><span style=\"color: #464646;\"><strong>T\u00edtulo:<\/strong>\u00a0\u201cGnRH34 com ou sem cipionato de estradiol na IATF de vacas\u00a0<em>Bos indicus<\/em>\u201d<\/span><\/p>\n<p><span style=\"color: #464646;\"><strong>Data:<\/strong>\u00a022\/02\/2024<\/span><\/p>\n<p><span style=\"color: #464646;\"><strong>Hor\u00e1rio:<\/strong>\u00a009 horas<\/span><\/p>\n<p><span style=\"color: #464646;\"><strong>Link acesso para defesa:<\/strong>\u00a0\u00a0<a style=\"color: #464646;\" href=\"https:\/\/webconf.ufpel.edu.br\/b\/raf-vji-eky-wkt\" data-saferedirecturl=\"https:\/\/www.google.com\/url?q=https:\/\/webconf.ufpel.edu.br\/b\/raf-vji-eky-wkt&amp;source=gmail&amp;ust=1708543296054000&amp;usg=AOvVaw1IK7rVw32lXO-YnQdAkXah\">https:\/\/webconf.ufpel.edu.br\/b\/raf-vji-eky-wkt<\/a><\/span><\/p>\n<p><span style=\"color: #464646;\"><strong>Aluno:<\/strong>\u00a0Samira\u00a0Alves de Souza Silva<\/span><\/p>\n<p><span style=\"color: #464646;\"><strong>Orientador:<\/strong>\u00a0Dr.\u00a0Rafael Gianella Mondadori<\/span><\/p>\n<p><span style=\"color: #464646;\"><strong>Banca examinadora:<\/strong>\u00a0Dr.\u00a0Eduardo Schmitt,\u00a0Dra.\u00a0Fabiane Pereira de Moraes,\u00a0Dr.\u00a0Sergio Farias Vargas Junior\u00a0e\u00a0Dr.\u00a0Arnaldo Diniz Vieira\u00a0(Suplente)<\/span><\/p>\n<p><span style=\"color: #464646;\"><strong>\u00a0<\/strong><\/span><\/p>\n<p><span style=\"color: #464646;\"><strong>T\u00edtulo:<\/strong>\u00a0\u201cNovas abordagens para o controle do ciclo estral e ovula\u00e7\u00e3o de f\u00eameas ovinas\u201d<\/span><\/p>\n<p><span style=\"color: #464646;\"><strong>Data:<\/strong>\u00a022\/02\/2024<\/span><\/p>\n<p><span style=\"color: #464646;\"><strong>Hor\u00e1rio:<\/strong>\u00a014 horas<\/span><\/p>\n<p><span style=\"color: #464646;\"><strong>Sala:<\/strong>\u00a0<a style=\"color: #464646;\" href=\"https:\/\/webconf.ufpel.edu.br\/b\/ber-wtd-rqa-5u0\" data-saferedirecturl=\"https:\/\/www.google.com\/url?q=https:\/\/webconf.ufpel.edu.br\/b\/ber-wtd-rqa-5u0&amp;source=gmail&amp;ust=1708543296054000&amp;usg=AOvVaw3UEqM3rqX70J_FrvIc6WH2\">https:\/\/webconf.ufpel.edu.br\/b\/ber-wtd-rqa-5u0<\/a><\/span><\/p>\n<p><span style=\"color: #464646;\"><strong>Aluno:<\/strong>\u00a0Gabriel\u00a0Maggi<\/span><\/p>\n<p><span style=\"color: #464646;\"><strong>Orientador:<\/strong>\u00a0Dr.\u00a0Bernardo Garziera Gasperin<\/span><\/p>\n<p><span style=\"color: #464646;\"><strong>Banca examinadora:<\/strong>\u00a0Dr.\u00a0Ivan Bianchi,\u00a0Dra.\u00a0Monike Quirino,\u00a0Dr.\u00a0Felipe Zandonadi Brand\u00e3o\u00a0e\u00a0Dra.\u00a0Juliana Germano Ferst\u00a0(Suplente)<\/span><\/p>\n<p><span style=\"color: #464646;\"><strong>\u00a0<\/strong><\/span><\/p>\n<p><span style=\"color: #464646;\"><strong>T\u00edtulo:<\/strong>\u00a0\u201cVigil\u00e2ncia epidemiol\u00f3gica e mapeamento de \u00e1reas de risco atrav\u00e9s da\u00a0detec\u00e7\u00e3o molecular de Leishmania spp. por meio de PCR em fauna silvestre na\u00a0microrregi\u00e3o de Pelotas, RS, Brasil\u201d<\/span><\/p>\n<p><span style=\"color: #464646;\"><strong>Data:<\/strong>\u00a023\/02\/2024<\/span><\/p>\n<p><span style=\"color: #464646;\"><strong>Hor\u00e1rio:<\/strong>\u00a009 horas<\/span><\/p>\n<p><span style=\"color: #464646;\"><strong>Sala:<\/strong>\u00a0Faculdade de Veterin\u00e1ria\u00a0&#8211; Sala 11<\/span><\/p>\n<p><span style=\"color: #464646;\"><strong>Aluno:<\/strong>\u00a0Julia\u00a0Somavilla Lignon<\/span><\/p>\n<p><span style=\"color: #464646;\"><strong>Orientador:<\/strong>\u00a0Dr.\u00a0F\u00e1bio Raphael Pascoti Bruhn<\/span><\/p>\n<p><span style=\"color: #464646;\"><strong>Banca examinadora:<\/strong>\u00a0Dr.\u00a0Rodrigo Casquero Cunha,\u00a0Dr.\u00a0Felipe Geraldo Pappen, Dra.\u00a0M\u00e1rcia Raquel Pegoraro de Macedo\u00a0e Dr.\u00a0Jer\u00f4nimo Lopes Ruas\u00a0(Suplente)<\/span><\/p>\n<p><span style=\"color: #464646;\"><strong>\u00a0<\/strong><\/span><\/p>\n<p><span style=\"color: #464646;\"><strong>T\u00edtulo:<\/strong>\u00a0\u201cO papel dos microRNAs exossomais no metabolismo p\u00f3s-menopausa e\u00a0envelhecimento ovariano em camundongos\u201d<\/span><\/p>\n<p><span style=\"color: #464646;\"><strong>Data:<\/strong>\u00a023\/02\/2024<\/span><\/p>\n<p><span style=\"color: #464646;\"><strong>Hor\u00e1rio:<\/strong>\u00a014 horas<\/span><\/p>\n<p><span style=\"color: #464646;\"><strong>Sala:<\/strong>\u00a0<a style=\"color: #464646;\" href=\"https:\/\/webconf.ufpel.edu.br\/b\/aug-yma-xay\" data-saferedirecturl=\"https:\/\/www.google.com\/url?q=https:\/\/webconf.ufpel.edu.br\/b\/aug-yma-xay&amp;source=gmail&amp;ust=1708543296054000&amp;usg=AOvVaw159zZFcWgihQdBuWOe9Y8B\">https:\/\/webconf.ufpel.edu.br\/b\/aug-yma-xay<\/a><\/span><\/p>\n<p><span style=\"color: #464646;\"><strong>Aluno:<\/strong>\u00a0Bianka\u00a0Machado Zanini<\/span><\/p>\n<p><span style=\"color: #464646;\"><strong>Orientador:<\/strong>\u00a0Dr.\u00a0Augusto Schneider<\/span><\/p>\n<p><span style=\"color: #464646;\"><strong>Banca examinadora:<\/strong>\u00a0Dr.\u00a0Rafael Gianella Mondadori,\u00a0Dr.\u00a0Bernardo Garziera Gasperin,\u00a0Dr.\u00a0Vinicius Farias Campos\u00a0e\u00a0Dr.\u00a0Carlos Castilho de Barros\u00a0(Suplente)<\/span><\/p>\n<p>&nbsp;<\/p>\n<p><span style=\"color: #464646;\"><strong>T\u00edtulo:<\/strong>\u00a0\u201cInflu\u00eancia da gabapentina associada ou n\u00e3o \u00e0s pr\u00e1ticas integrativas sobre\u00a0os escores de seda\u00e7\u00e3o e anestesia em gatos\u201d<\/span><\/p>\n<p><span style=\"color: #464646;\"><strong>Data:<\/strong>\u00a023\/02\/2024<\/span><\/p>\n<p><span style=\"color: #464646;\"><strong>Hor\u00e1rio:<\/strong>\u00a014 horas<\/span><\/p>\n<p><span style=\"color: #464646;\"><strong>Sala:<\/strong>\u00a0<a style=\"color: #464646;\" href=\"https:\/\/webconf.ufpel.edu.br\/b\/mar-3mx-xvw-rud\" data-saferedirecturl=\"https:\/\/www.google.com\/url?q=https:\/\/webconf.ufpel.edu.br\/b\/mar-3mx-xvw-rud&amp;source=gmail&amp;ust=1708543296055000&amp;usg=AOvVaw3jnJ37Y4dsehqQ6oHYDqVJ\">https:\/\/webconf.ufpel.edu.br\/b\/mar-3mx-xvw-rud<\/a><\/span><\/p>\n<p><span style=\"color: #464646;\"><strong>Aluno:<\/strong>\u00a0Vit\u00f3ria Ramos de Freitas<\/span><\/p>\n<p><span style=\"color: #464646;\"><strong>Orientador:<\/strong>\u00a0Dra.\u00a0Marlete Brum Cleff<\/span><\/p>\n<p><span style=\"color: #464646;\"><strong>Banca examinadora:<\/strong>\u00a0Dr.\u00a0Eduardo Raposo Monteiro,\u00a0Dra.\u00a0Vanessa Sasso Padilha,\u00a0Dr.\u00a0Doughlas Regalin\u00a0e\u00a0Dra.\u00a0Mariana Cristina Hoeppner Rondelli\u00a0(Suplente)<\/span><\/p>\n","protected":false},"excerpt":{"rendered":"<p>&nbsp; Convidamos para as defesas do PPGV agendadas para a terceira semana de fevereiro de 2024. &nbsp; T\u00edtulo:\u00a0\u201cProcesso inflamat\u00f3rio nos equinos, e a consequ\u00eancia da obesidade na vida\u00a0reprodutiva das \u00e9guas\u201d Data:\u00a020\/02\/2024 Hor\u00e1rio:\u00a014 horas Sala:\u00a0Faculdade de Veterin\u00e1ria &#8211; Sala 10 Aluno:\u00a0Marcos Eduardo Neto Orientador:\u00a0Dr. Carlos Eduardo Wayne Nogueira Banca examinadora:\u00a0Dra.\u00a0Bruna da Rosa Curcio,\u00a0Dra.\u00a0Cristina Gevehr\u00a0Fernandes,\u00a0Dr.\u00a0Marcos Azevedo e\u00a0Dr.\u00a0Leandro [&hellip;]<\/p>\n","protected":false},"author":391,"featured_media":0,"comment_status":"closed","ping_status":"closed","sticky":false,"template":"","format":"standard","meta":{"footnotes":""},"categories":[76430],"tags":[],"class_list":["post-6769","post","type-post","status-publish","format-standard","hentry","category-noticias"],"jetpack_featured_media_url":"","_links":{"self":[{"href":"https:\/\/wp.ufpel.edu.br\/ppgveterinaria\/wp-json\/wp\/v2\/posts\/6769","targetHints":{"allow":["GET"]}}],"collection":[{"href":"https:\/\/wp.ufpel.edu.br\/ppgveterinaria\/wp-json\/wp\/v2\/posts"}],"about":[{"href":"https:\/\/wp.ufpel.edu.br\/ppgveterinaria\/wp-json\/wp\/v2\/types\/post"}],"author":[{"embeddable":true,"href":"https:\/\/wp.ufpel.edu.br\/ppgveterinaria\/wp-json\/wp\/v2\/users\/391"}],"replies":[{"embeddable":true,"href":"https:\/\/wp.ufpel.edu.br\/ppgveterinaria\/wp-json\/wp\/v2\/comments?post=6769"}],"version-history":[{"count":1,"href":"https:\/\/wp.ufpel.edu.br\/ppgveterinaria\/wp-json\/wp\/v2\/posts\/6769\/revisions"}],"predecessor-version":[{"id":6771,"href":"https:\/\/wp.ufpel.edu.br\/ppgveterinaria\/wp-json\/wp\/v2\/posts\/6769\/revisions\/6771"}],"wp:attachment":[{"href":"https:\/\/wp.ufpel.edu.br\/ppgveterinaria\/wp-json\/wp\/v2\/media?parent=6769"}],"wp:term":[{"taxonomy":"category","embeddable":true,"href":"https:\/\/wp.ufpel.edu.br\/ppgveterinaria\/wp-json\/wp\/v2\/categories?post=6769"},{"taxonomy":"post_tag","embeddable":true,"href":"https:\/\/wp.ufpel.edu.br\/ppgveterinaria\/wp-json\/wp\/v2\/tags?post=6769"}],"curies":[{"name":"wp","href":"https:\/\/api.w.org\/{rel}","templated":true}]}}