{"id":6365,"date":"2023-04-04T14:46:28","date_gmt":"2023-04-04T17:46:28","guid":{"rendered":"https:\/\/wp.ufpel.edu.br\/ppgveterinaria\/?p=6365"},"modified":"2023-04-04T14:46:28","modified_gmt":"2023-04-04T17:46:28","slug":"aula-inaugural-ppgv-2023-1","status":"publish","type":"post","link":"https:\/\/wp.ufpel.edu.br\/ppgveterinaria\/aula-inaugural-ppgv-2023-1\/","title":{"rendered":"Aula Inaugural PPGV &#8211; 2023-1"},"content":{"rendered":"<p style=\"text-align: justify;\"><span style=\"color: #464646;\">Convidamos os docentes e discentes do PPGV para a Aula Inaugural do primeiro semestre de 2023, a qual abordar\u00e1 \u201cOportunidades Internacionais: experi\u00eancia de egressos da UFPel\u201d.\u00a0<\/span><\/p>\n<p style=\"text-align: justify;\"><span style=\"color: #464646;\">A aula contar\u00e1 com a participa\u00e7\u00e3o de egressos da UFPel e acontecer\u00e1 no <b>dia 14\/04\/2023, \u00e0s 09 horas<\/b>, no Audit\u00f3rio da Faculdade de Meteorologia &#8211; Campus Cap\u00e3o do Le\u00e3o).<\/span><\/p>\n<p style=\"text-align: center;\">\n<p style=\"text-align: center;\"><a href=\"https:\/\/wp.ufpel.edu.br\/ppgveterinaria\/files\/2023\/04\/Aula-Inaugural.jpg\"><img class=\"alignnone size-medium wp-image-6369\" src=\"https:\/\/wp.ufpel.edu.br\/ppgveterinaria\/files\/2023\/04\/Aula-Inaugural-400x397.jpg\" alt=\"\" width=\"400\" height=\"397\" srcset=\"https:\/\/wp.ufpel.edu.br\/ppgveterinaria\/files\/2023\/04\/Aula-Inaugural-400x397.jpg 400w, https:\/\/wp.ufpel.edu.br\/ppgveterinaria\/files\/2023\/04\/Aula-Inaugural-200x200.jpg 200w, https:\/\/wp.ufpel.edu.br\/ppgveterinaria\/files\/2023\/04\/Aula-Inaugural.jpg 636w\" sizes=\"(max-width: 400px) 100vw, 400px\" \/><\/a><\/p>\n<p style=\"text-align: center;\"><a href=\"https:\/\/wp.ufpel.edu.br\/ppgveterinaria\/files\/2023\/04\/Aula-Inaugural-1.jpg\"><img class=\"alignnone size-medium wp-image-6367\" src=\"https:\/\/wp.ufpel.edu.br\/ppgveterinaria\/files\/2023\/04\/Aula-Inaugural-1-400x396.jpg\" alt=\"\" width=\"400\" height=\"396\" srcset=\"https:\/\/wp.ufpel.edu.br\/ppgveterinaria\/files\/2023\/04\/Aula-Inaugural-1-400x396.jpg 400w, https:\/\/wp.ufpel.edu.br\/ppgveterinaria\/files\/2023\/04\/Aula-Inaugural-1.jpg 634w\" sizes=\"(max-width: 400px) 100vw, 400px\" \/><\/a><\/p>\n<p style=\"text-align: center;\"><a href=\"https:\/\/wp.ufpel.edu.br\/ppgveterinaria\/files\/2023\/04\/Aula-Inaugural-2.jpg\"><img class=\"alignnone size-medium wp-image-6368\" src=\"https:\/\/wp.ufpel.edu.br\/ppgveterinaria\/files\/2023\/04\/Aula-Inaugural-2-400x394.jpg\" alt=\"\" width=\"400\" height=\"394\" srcset=\"https:\/\/wp.ufpel.edu.br\/ppgveterinaria\/files\/2023\/04\/Aula-Inaugural-2-400x394.jpg 400w, https:\/\/wp.ufpel.edu.br\/ppgveterinaria\/files\/2023\/04\/Aula-Inaugural-2.jpg 635w\" sizes=\"(max-width: 400px) 100vw, 400px\" \/><\/a><\/p>\n","protected":false},"excerpt":{"rendered":"<p>Convidamos os docentes e discentes do PPGV para a Aula Inaugural do primeiro semestre de 2023, a qual abordar\u00e1 \u201cOportunidades Internacionais: experi\u00eancia de egressos da UFPel\u201d.\u00a0 A aula contar\u00e1 com a participa\u00e7\u00e3o de egressos da UFPel e acontecer\u00e1 no dia 14\/04\/2023, \u00e0s 09 horas, no Audit\u00f3rio da Faculdade de Meteorologia &#8211; Campus Cap\u00e3o do Le\u00e3o).<\/p>\n","protected":false},"author":391,"featured_media":0,"comment_status":"closed","ping_status":"closed","sticky":false,"template":"","format":"standard","meta":{"footnotes":""},"categories":[76429,76430],"tags":[],"class_list":["post-6365","post","type-post","status-publish","format-standard","hentry","category-destaques","category-noticias"],"jetpack_featured_media_url":"","_links":{"self":[{"href":"https:\/\/wp.ufpel.edu.br\/ppgveterinaria\/wp-json\/wp\/v2\/posts\/6365","targetHints":{"allow":["GET"]}}],"collection":[{"href":"https:\/\/wp.ufpel.edu.br\/ppgveterinaria\/wp-json\/wp\/v2\/posts"}],"about":[{"href":"https:\/\/wp.ufpel.edu.br\/ppgveterinaria\/wp-json\/wp\/v2\/types\/post"}],"author":[{"embeddable":true,"href":"https:\/\/wp.ufpel.edu.br\/ppgveterinaria\/wp-json\/wp\/v2\/users\/391"}],"replies":[{"embeddable":true,"href":"https:\/\/wp.ufpel.edu.br\/ppgveterinaria\/wp-json\/wp\/v2\/comments?post=6365"}],"version-history":[{"count":1,"href":"https:\/\/wp.ufpel.edu.br\/ppgveterinaria\/wp-json\/wp\/v2\/posts\/6365\/revisions"}],"predecessor-version":[{"id":6370,"href":"https:\/\/wp.ufpel.edu.br\/ppgveterinaria\/wp-json\/wp\/v2\/posts\/6365\/revisions\/6370"}],"wp:attachment":[{"href":"https:\/\/wp.ufpel.edu.br\/ppgveterinaria\/wp-json\/wp\/v2\/media?parent=6365"}],"wp:term":[{"taxonomy":"category","embeddable":true,"href":"https:\/\/wp.ufpel.edu.br\/ppgveterinaria\/wp-json\/wp\/v2\/categories?post=6365"},{"taxonomy":"post_tag","embeddable":true,"href":"https:\/\/wp.ufpel.edu.br\/ppgveterinaria\/wp-json\/wp\/v2\/tags?post=6365"}],"curies":[{"name":"wp","href":"https:\/\/api.w.org\/{rel}","templated":true}]}}