{"id":6288,"date":"2023-02-24T16:06:35","date_gmt":"2023-02-24T19:06:35","guid":{"rendered":"https:\/\/wp.ufpel.edu.br\/ppgveterinaria\/?p=6288"},"modified":"2023-02-24T16:10:54","modified_gmt":"2023-02-24T19:10:54","slug":"convite-defesas-ppgv-5a-semana-fevereiro","status":"publish","type":"post","link":"https:\/\/wp.ufpel.edu.br\/ppgveterinaria\/convite-defesas-ppgv-5a-semana-fevereiro\/","title":{"rendered":"Convite Defesas PPGV &#8211; 5\u00aa Semana Fevereiro"},"content":{"rendered":"<p>&nbsp;<\/p>\n<p style=\"text-align: justify;\"><span style=\"color: #464646;\">Convidamos para as defesas do PPGV agendadas para a quinta semana de fevereiro de 2023.<\/span><\/p>\n<p>&nbsp;<\/p>\n<p style=\"text-align: justify;\"><span style=\"color: #464646;\"><strong>T\u00edtulo:<\/strong>\u00a0\u201cTristeza parasit\u00e1ria bovina: diagn\u00f3stico molecular, efeito sobre a fertilidade e\u00a0desenvolvimento de um produto para preven\u00e7\u00e3o\u201d<\/span><\/p>\n<p style=\"text-align: justify;\"><span style=\"color: #464646;\"><strong>Data:<\/strong>\u00a027\/02\/2023<\/span><\/p>\n<p style=\"text-align: justify;\"><span style=\"color: #464646;\"><strong>Hor\u00e1rio:<\/strong>\u00a008 horas e 30 minutos<\/span><\/p>\n<p style=\"text-align: justify;\"><span style=\"color: #464646;\"><strong>Sala:<\/strong>\u00a0Defesa Fechada<\/span><\/p>\n<p style=\"text-align: justify;\"><span style=\"color: #464646;\"><strong>Aluno:<\/strong>\u00a0Nat\u00e1lia Machado Rahal<\/span><\/p>\n<p style=\"text-align: justify;\"><span style=\"color: #464646;\"><strong>Orientador:<\/strong>\u00a0Dr.\u00a0Marcio Nunes Corr\u00eaa<\/span><\/p>\n<p style=\"text-align: justify;\"><span style=\"color: #464646;\"><strong>Banca examinadora:<\/strong>\u00a0Dra.\u00a0Rovaina Laureano Doyle,\u00a0Dr.\u00a0Rubens Alves Pereira,\u00a0Dra.\u00a0Elizabeth Schwegler\u00a0e\u00a0Dr.\u00a0Uriel Secco Londero\u00a0(Suplente)<\/span><\/p>\n<p style=\"text-align: justify;\"><span style=\"color: #464646;\"><strong>\u00a0<\/strong><\/span><\/p>\n<p style=\"text-align: justify;\"><span style=\"color: #464646;\"><strong>T\u00edtulo:<\/strong>\u00a0\u201cCasu\u00edstica de altera\u00e7\u00f5es anatomopatol\u00f3gicas hep\u00e1ticas em c\u00e3es do\u00a0SOVET\/PATOLOGIA\/UFPEL\u201d<\/span><\/p>\n<p style=\"text-align: justify;\"><span style=\"color: #464646;\"><strong>Data:<\/strong>\u00a027\/02\/2023<\/span><\/p>\n<p style=\"text-align: justify;\"><span style=\"color: #464646;\"><strong>Hor\u00e1rio:<\/strong>\u00a010 horas<\/span><\/p>\n<p style=\"text-align: justify;\"><span style=\"color: #464646;\"><strong>Sala:<\/strong>\u00a0<a style=\"color: #464646;\" href=\"https:\/\/webconf.ufpel.edu.br\/b\/fab-ka3-8j2-jxi\" data-saferedirecturl=\"https:\/\/www.google.com\/url?q=https:\/\/webconf.ufpel.edu.br\/b\/fab-ka3-8j2-jxi&amp;source=gmail&amp;ust=1677347483641000&amp;usg=AOvVaw00V0V5yQBp-6U4MW17ihQU\">https:\/\/webconf.ufpel.edu.br\/b\/fab-ka3-8j2-jxi<\/a><\/span><\/p>\n<p style=\"text-align: justify;\"><span style=\"color: #464646;\"><strong>Aluno:<\/strong>\u00a0Vit\u00f3ria Baierle Maggi<\/span><\/p>\n<p style=\"text-align: justify;\"><span style=\"color: #464646;\"><strong>Orientador:<\/strong>\u00a0Dra.\u00a0Fabiane Borelli Grecco<\/span><\/p>\n<p style=\"text-align: justify;\"><span style=\"color: #464646;\"><strong>Banca examinadora:<\/strong>\u00a0Dra.\u00a0M\u00e1rcia de Oliveira Nobre,\u00a0Dra.\u00a0Lu\u00edsa Mariano Cerqueira da Silva,\u00a0Dr.\u00a0Rafael Almeida Fighera\u00a0e\u00a0Dra.\u00a0Cristina Gevehr Fernandes\u00a0(Suplente)<\/span><\/p>\n<p style=\"text-align: justify;\"><span style=\"color: #464646;\"><strong>\u00a0<\/strong><\/span><\/p>\n<p style=\"text-align: justify;\"><span style=\"color: #464646;\"><strong>T\u00edtulo:<\/strong>\u00a0\u201cMonitoramento dos principais agentes Infecciosos causadores de falhas\u00a0reprodutivas em bovinos leiteiros no sul do Rio Grande do Sul\u201d<\/span><\/p>\n<p style=\"text-align: justify;\"><span style=\"color: #464646;\"><strong>Data:<\/strong>\u00a027\/02\/2023<\/span><\/p>\n<p style=\"text-align: justify;\"><span style=\"color: #464646;\"><strong>Hor\u00e1rio:<\/strong>\u00a013 horas<\/span><\/p>\n<p style=\"text-align: justify;\"><span style=\"color: #464646;\"><strong>Sala:<\/strong>\u00a0<a style=\"color: #464646;\" href=\"https:\/\/meet.google.com\/vqm-kqpw-meh\" data-saferedirecturl=\"https:\/\/www.google.com\/url?q=https:\/\/meet.google.com\/vqm-kqpw-meh&amp;source=gmail&amp;ust=1677347483642000&amp;usg=AOvVaw3wxQZRcgeNOYAyd8VriG5x\">https:\/\/meet.google.com\/vqm-kqpw-meh<\/a><\/span><\/p>\n<p style=\"text-align: justify;\"><span style=\"color: #464646;\"><strong>Aluno:<\/strong>\u00a0Jana\u00edna Fadrique da Silva<\/span><\/p>\n<p style=\"text-align: justify;\"><span style=\"color: #464646;\"><strong>Orientador:<\/strong>\u00a0Dr.\u00a0Odir Antonio Dellagostin<\/span><\/p>\n<p style=\"text-align: justify;\"><span style=\"color: #464646;\"><strong>Banca examinadora:<\/strong>\u00a0Dr.\u00a0S\u00e9rgio Jorge,\u00a0Dr.\u00a0\u00c9verton Fagonde da Silva,\u00a0Dr.\u00a0Guilherme Nunes de Souza\u00a0e\u00a0Dr.\u00a0Amilton Clair Pinto Seixas Neto\u00a0(Suplente)<\/span><\/p>\n<p style=\"text-align: justify;\"><span style=\"color: #464646;\"><strong>\u00a0<\/strong><\/span><\/p>\n<p style=\"text-align: justify;\"><span style=\"color: #464646;\"><strong>T\u00edtulo:<\/strong>\u00a0\u201cAspectos cl\u00ednicos e histol\u00f3gicos da anestesia e eutan\u00e1sia em roedores\u201d<\/span><\/p>\n<p style=\"text-align: justify;\"><span style=\"color: #464646;\"><strong>Data:<\/strong>\u00a027\/02\/2023<\/span><\/p>\n<p style=\"text-align: justify;\"><span style=\"color: #464646;\"><strong>Hor\u00e1rio:<\/strong>\u00a014 horas<\/span><\/p>\n<p style=\"text-align: justify;\"><span style=\"color: #464646;\"><strong>Sala:<\/strong>\u00a0<a style=\"color: #464646;\" href=\"https:\/\/webconf.ufpel.edu.br\/b\/fab-ka3-8j2-jxi\" data-saferedirecturl=\"https:\/\/www.google.com\/url?q=https:\/\/webconf.ufpel.edu.br\/b\/fab-ka3-8j2-jxi&amp;source=gmail&amp;ust=1677347483642000&amp;usg=AOvVaw1nxaUqWW3-FpQaQ4i7rys_\">https:\/\/webconf.ufpel.edu.br\/b\/fab-ka3-8j2-jxi<\/a><\/span><\/p>\n<p style=\"text-align: justify;\"><span style=\"color: #464646;\"><strong>Aluno:<\/strong>\u00a0Gustavo Ant\u00f4nio Boff<\/span><\/p>\n<p style=\"text-align: justify;\"><span style=\"color: #464646;\"><strong>Orientador:<\/strong>\u00a0Dra.\u00a0Fabiane Borelli Grecco<\/span><\/p>\n<p style=\"text-align: justify;\"><span style=\"color: #464646;\"><strong>Banca examinadora:<\/strong>\u00a0Dra.\u00a0M\u00e1rcia de Oliveira Nobre,\u00a0Dra.\u00a0Anelize de Oliveira Campello Felix,\u00a0Dra.\u00a0Carolina da Fonseca Sapin\u00a0e\u00a0Dr.\u00a0Thomas Normanton Guim\u00a0(Suplente)<\/span><\/p>\n<p>&nbsp;<\/p>\n<p style=\"text-align: justify;\"><span style=\"color: #464646;\"><strong>T\u00edtulo:<\/strong>\u00a0\u201cDiagn\u00f3stico e preval\u00eancia molecular de\u00a0<em>Ehrlichia canis<\/em>\u00a0no Hospital de Cl\u00ednicas Veterin\u00e1ria da UFPEL\u201d<\/span><\/p>\n<p style=\"text-align: justify;\"><span style=\"color: #464646;\"><strong>Data:<\/strong>\u00a028\/02\/2023<\/span><\/p>\n<p style=\"text-align: justify;\"><span style=\"color: #464646;\"><strong>Hor\u00e1rio:<\/strong>\u00a008 horas<\/span><\/p>\n<p style=\"text-align: justify;\"><span style=\"color: #464646;\"><strong>Sala:<\/strong>\u00a0Faculdade de Veterin\u00e1ria &#8211; Sala 11<\/span><\/p>\n<p style=\"text-align: justify;\"><span style=\"color: #464646;\"><strong>Aluno:<\/strong>\u00a0Daniel\u00a0Felipe Buitrago Linares<\/span><\/p>\n<p style=\"text-align: justify;\"><span style=\"color: #464646;\"><strong>Orientador:<\/strong>\u00a0Dr.\u00a0Rodrigo Casquero Cunha<\/span><\/p>\n<p style=\"text-align: justify;\"><span style=\"color: #464646;\"><strong>Banca examinadora:<\/strong>\u00a0Dr.\u00a0\u00c9verton Fagonde da Silva,\u00a0Dra.\u00a0Camila Belmonte Oliveira\u00a0e\u00a0Dr.\u00a0Kau\u00ea Rodrigues Martins<\/span><\/p>\n<p style=\"text-align: justify;\"><span style=\"color: #464646;\"><strong>\u00a0<\/strong><\/span><\/p>\n<p style=\"text-align: justify;\"><span style=\"color: #464646;\"><strong>T\u00edtulo:<\/strong>\u00a0\u201cBuserelina na indu\u00e7\u00e3o de ovula\u00e7\u00e3o em protocolos de insemina\u00e7\u00e3o artificial em\u00a0tempo fixo em ovinos\u201d<\/span><\/p>\n<p style=\"text-align: justify;\"><span style=\"color: #464646;\"><strong>Data:<\/strong>\u00a028\/02\/2023<\/span><\/p>\n<p style=\"text-align: justify;\"><span style=\"color: #464646;\"><strong>Hor\u00e1rio:<\/strong>\u00a008 horas e 30 minutos<\/span><\/p>\n<p style=\"text-align: justify;\"><span style=\"color: #464646;\"><strong>Sala:<\/strong>\u00a0<a style=\"color: #464646;\" href=\"https:\/\/webconf.ufpel.edu.br\/b\/raf-0sx-t06-2tp\" data-saferedirecturl=\"https:\/\/www.google.com\/url?q=https:\/\/webconf.ufpel.edu.br\/b\/raf-0sx-t06-2tp&amp;source=gmail&amp;ust=1677347483642000&amp;usg=AOvVaw1zkjUqlnX5owfc0ciMf4Tt\">https:\/\/webconf.ufpel.edu.br\/b\/raf-0sx-t06-2tp<\/a><\/span><\/p>\n<p style=\"text-align: justify;\"><span style=\"color: #464646;\"><strong>Aluno:<\/strong>\u00a0Ot\u00e1vio Saraiva Pires<\/span><\/p>\n<p style=\"text-align: justify;\"><span style=\"color: #464646;\"><strong>Orientador:<\/strong>\u00a0Dr.\u00a0Rafael Gianella Mondadori<\/span><\/p>\n<p style=\"text-align: justify;\"><span style=\"color: #464646;\"><strong>Banca examinadora:<\/strong>\u00a0Dr.\u00a0Sergio Farias Vargas J\u00fanior,\u00a0Dr.\u00a0Fernando Caetano de Oliveira,\u00a0Dr.\u00a0Gilson de Mendon\u00e7a\u00a0e\u00a0Dr.\u00a0Arnaldo Diniz Vieira\u00a0(Suplente)<\/span><\/p>\n<p style=\"text-align: justify;\"><span style=\"color: #464646;\"><strong>\u00a0<\/strong><\/span><\/p>\n<p style=\"text-align: justify;\"><span style=\"color: #464646;\"><strong>T\u00edtulo:<\/strong>\u00a0\u201cAn\u00e1lise Epidemiol\u00f3gica da Dengue na Amaz\u00f4nia Legal Brasileira 2001-2021\u201d<\/span><\/p>\n<p style=\"text-align: justify;\"><span style=\"color: #464646;\"><strong>Data:<\/strong>\u00a028\/02\/2023<\/span><\/p>\n<p style=\"text-align: justify;\"><span style=\"color: #464646;\"><strong>Hor\u00e1rio:<\/strong>\u00a009 horas<\/span><\/p>\n<p style=\"text-align: justify;\"><span style=\"color: #464646;\"><strong>Sala:<\/strong>\u00a0Sala 08 &#8211; Aul\u00e1rio &#8211; Cap\u00e3o do Le\u00e3o<\/span><\/p>\n<p style=\"text-align: justify;\"><span style=\"color: #464646;\"><strong>Aluno:<\/strong>\u00a0Ravena\u00a0dos Santos Hage<\/span><\/p>\n<p style=\"text-align: justify;\"><span style=\"color: #464646;\"><strong>Orientador:<\/strong>\u00a0Dr.\u00a0F\u00e1bio Raphael Pascoti Bruhn<\/span><\/p>\n<p style=\"text-align: justify;\"><span style=\"color: #464646;\"><strong>Banca examinadora:<\/strong>\u00a0Dra.\u00a0Fernanda de Rezende Pinto,\u00a0Dr.\u00a0Vin\u00edcius Silva Belo,\u00a0Dr.\u00a0Rodrigo Ferreira Kr\u00fcger\u00a0e\u00a0Dr.\u00a0Fernando da Silva Bandeira\u00a0(Suplente)<\/span><\/p>\n<p style=\"text-align: justify;\"><span style=\"color: #464646;\"><strong>\u00a0<\/strong><\/span><\/p>\n<p style=\"text-align: justify;\"><span style=\"color: #464646;\"><strong>T\u00edtulo:<\/strong>\u00a0\u201cEnsaio de imunoadsor\u00e7\u00e3o enzim\u00e1tica como diagn\u00f3stico de esporotricose\u00a0felina\u201d<\/span><\/p>\n<p style=\"text-align: justify;\"><span style=\"color: #464646;\"><strong>Data:<\/strong>\u00a028\/02\/2023<\/span><\/p>\n<p style=\"text-align: justify;\"><span style=\"color: #464646;\"><strong>Hor\u00e1rio:<\/strong>\u00a009 horas<\/span><\/p>\n<p style=\"text-align: justify;\"><span style=\"color: #464646;\"><strong>Sala:<\/strong>\u00a0Sala 106 &#8211; Aul\u00e1rio 2 &#8211; Cap\u00e3o do Le\u00e3o (Pr\u00e9dio Meteorologia)<\/span><\/p>\n<p style=\"text-align: justify;\"><span style=\"color: #464646;\"><strong>Aluno:<\/strong>\u00a0D\u00e9bora\u00a0Matilde de Almeida<\/span><\/p>\n<p style=\"text-align: justify;\"><span style=\"color: #464646;\"><strong>Orientador:<\/strong>\u00a0Dra.\u00a0M\u00e1rcia de Oliveira Nobre<\/span><\/p>\n<p style=\"text-align: justify;\"><span style=\"color: #464646;\"><strong>Banca examinadora:<\/strong>\u00a0Dra.\u00a0Renata Os\u00f3rio de Faria,\u00a0Dra.\u00a0Natasha Rodrigues de Oliveira,\u00a0Dra.\u00a0Fabiane Borelli Grecco\u00a0e\u00a0Dra.\u00a0Sabrina de Oliveira Capella\u00a0(Suplente)<\/span><\/p>\n<p style=\"text-align: justify;\"><span style=\"color: #464646;\"><strong>\u00a0<\/strong><\/span><\/p>\n<p style=\"text-align: justify;\"><span style=\"color: #464646;\"><strong>T\u00edtulo:<\/strong>\u00a0\u201cUso de anti-inflamat\u00f3rios n\u00e3o esteroidais associado a protetor g\u00e1strico em\u00a0potros e adultos\u201d<\/span><\/p>\n<p style=\"text-align: justify;\"><span style=\"color: #464646;\"><strong>Data:<\/strong>\u00a028\/02\/2023<\/span><\/p>\n<p style=\"text-align: justify;\"><span style=\"color: #464646;\"><strong>Hor\u00e1rio:<\/strong>\u00a009 horas<\/span><\/p>\n<p style=\"text-align: justify;\"><span style=\"color: #464646;\"><strong>Sala:<\/strong>\u00a0<a style=\"color: #464646;\" href=\"https:\/\/webconf.ufpel.edu.br\/b\/car-vvj-qhf\" data-saferedirecturl=\"https:\/\/www.google.com\/url?q=https:\/\/webconf.ufpel.edu.br\/b\/car-vvj-qhf&amp;source=gmail&amp;ust=1677347483642000&amp;usg=AOvVaw1H8o1noTocf5KdUdPx8oad\">https:\/\/webconf.ufpel.edu.br\/b\/car-vvj-qhf<\/a><\/span><\/p>\n<p style=\"text-align: justify;\"><span style=\"color: #464646;\"><strong>Aluno:<\/strong>\u00a0Margarida Aires da Silva<\/span><\/p>\n<p style=\"text-align: justify;\"><span style=\"color: #464646;\"><strong>Orientador:<\/strong>\u00a0Dr.\u00a0Carlos Eduardo Wayne Nogueira<\/span><\/p>\n<p style=\"text-align: justify;\"><span style=\"color: #464646;\"><strong>Banca examinadora:<\/strong>\u00a0Dr.\u00a0Anibal Janczak Torres,\u00a0Dra.\u00a0Bruna da Rosa Curcio,\u00a0Dr.\u00a0Leandro Am\u00e9rico Rafael\u00a0e\u00a0Dr.\u00a0Bruna dos Santos Su\u00f1\u00e9 Moraes\u00a0(Suplente)<\/span><\/p>\n<p style=\"text-align: justify;\">\n","protected":false},"excerpt":{"rendered":"<p>&nbsp; Convidamos para as defesas do PPGV agendadas para a quinta semana de fevereiro de 2023. &nbsp; T\u00edtulo:\u00a0\u201cTristeza parasit\u00e1ria bovina: diagn\u00f3stico molecular, efeito sobre a fertilidade e\u00a0desenvolvimento de um produto para preven\u00e7\u00e3o\u201d Data:\u00a027\/02\/2023 Hor\u00e1rio:\u00a008 horas e 30 minutos Sala:\u00a0Defesa Fechada Aluno:\u00a0Nat\u00e1lia Machado Rahal Orientador:\u00a0Dr.\u00a0Marcio Nunes Corr\u00eaa Banca examinadora:\u00a0Dra.\u00a0Rovaina Laureano Doyle,\u00a0Dr.\u00a0Rubens Alves Pereira,\u00a0Dra.\u00a0Elizabeth Schwegler\u00a0e\u00a0Dr.\u00a0Uriel Secco Londero\u00a0(Suplente) [&hellip;]<\/p>\n","protected":false},"author":391,"featured_media":0,"comment_status":"closed","ping_status":"closed","sticky":false,"template":"","format":"standard","meta":{"footnotes":""},"categories":[76430],"tags":[],"class_list":["post-6288","post","type-post","status-publish","format-standard","hentry","category-noticias"],"jetpack_featured_media_url":"","_links":{"self":[{"href":"https:\/\/wp.ufpel.edu.br\/ppgveterinaria\/wp-json\/wp\/v2\/posts\/6288","targetHints":{"allow":["GET"]}}],"collection":[{"href":"https:\/\/wp.ufpel.edu.br\/ppgveterinaria\/wp-json\/wp\/v2\/posts"}],"about":[{"href":"https:\/\/wp.ufpel.edu.br\/ppgveterinaria\/wp-json\/wp\/v2\/types\/post"}],"author":[{"embeddable":true,"href":"https:\/\/wp.ufpel.edu.br\/ppgveterinaria\/wp-json\/wp\/v2\/users\/391"}],"replies":[{"embeddable":true,"href":"https:\/\/wp.ufpel.edu.br\/ppgveterinaria\/wp-json\/wp\/v2\/comments?post=6288"}],"version-history":[{"count":4,"href":"https:\/\/wp.ufpel.edu.br\/ppgveterinaria\/wp-json\/wp\/v2\/posts\/6288\/revisions"}],"predecessor-version":[{"id":6314,"href":"https:\/\/wp.ufpel.edu.br\/ppgveterinaria\/wp-json\/wp\/v2\/posts\/6288\/revisions\/6314"}],"wp:attachment":[{"href":"https:\/\/wp.ufpel.edu.br\/ppgveterinaria\/wp-json\/wp\/v2\/media?parent=6288"}],"wp:term":[{"taxonomy":"category","embeddable":true,"href":"https:\/\/wp.ufpel.edu.br\/ppgveterinaria\/wp-json\/wp\/v2\/categories?post=6288"},{"taxonomy":"post_tag","embeddable":true,"href":"https:\/\/wp.ufpel.edu.br\/ppgveterinaria\/wp-json\/wp\/v2\/tags?post=6288"}],"curies":[{"name":"wp","href":"https:\/\/api.w.org\/{rel}","templated":true}]}}